{"id":959,"date":"2013-08-29T15:06:55","date_gmt":"2013-08-29T18:06:55","guid":{"rendered":"http:\/\/drasilviacristina.com.br\/?p=959"},"modified":"2017-10-16T18:09:11","modified_gmt":"2017-10-16T20:09:11","slug":"cuidados-com-a-pele-madura","status":"publish","type":"post","link":"http:\/\/drasilviacristina.com.br\/index.php\/2013\/08\/29\/cuidados-com-a-pele-madura\/","title":{"rendered":"Cuidados com a pele madura"},"content":{"rendered":"<style type=\"text\/css\"><\/style><p style=\"text-align: center;\"><img loading=\"lazy\" decoding=\"async\" class=\"aligncenter  wp-image-10799\" src=\"http:\/\/drasilviacristina.com.br\/site2017\/wp-content\/uploads\/2013\/08\/helen-mirren.jpg\" alt=\"\" width=\"579\" height=\"434\" srcset=\"http:\/\/drasilviacristina.com.br\/site2017\/wp-content\/uploads\/2013\/08\/helen-mirren.jpg 1600w, http:\/\/drasilviacristina.com.br\/site2017\/wp-content\/uploads\/2013\/08\/helen-mirren-300x225.jpg 300w, http:\/\/drasilviacristina.com.br\/site2017\/wp-content\/uploads\/2013\/08\/helen-mirren-768x576.jpg 768w, http:\/\/drasilviacristina.com.br\/site2017\/wp-content\/uploads\/2013\/08\/helen-mirren-1024x768.jpg 1024w, http:\/\/drasilviacristina.com.br\/site2017\/wp-content\/uploads\/2013\/08\/helen-mirren-580x435.jpg 580w, http:\/\/drasilviacristina.com.br\/site2017\/wp-content\/uploads\/2013\/08\/helen-mirren-860x645.jpg 860w, http:\/\/drasilviacristina.com.br\/site2017\/wp-content\/uploads\/2013\/08\/helen-mirren-1160x870.jpg 1160w\" sizes=\"auto, (max-width: 579px) 100vw, 579px\" \/><\/p>\n<p>Depois de postar (<a href=\"http:\/\/drasilviacristina.com.br\/lancamento-serenage-noite-avene\/\" target=\"_blank\" rel=\"noopener\">aqui<\/a>) sobre um lan\u00e7amento de creme para pele madura me deu vontade de falar mais sobre o tema. Isso porque sempre vejo no consult\u00f3rio mulheres e homens (at\u00e9 mais de 90 anos) que acreditam que uma pele bem cuidada traz bem estar e felicidade \u2013 e isso \u00e9 sa\u00fade minha gente!!! Al\u00e9m do que, desde pequenininha eu tenho um super exemplo em casa: minha mamys (#momentoamordefilhaparam\u00e3e). Segundo minha querida vov\u00f3, minha m\u00e3e sempre teve um cuidado di\u00e1rio com a pele mesmo morando na ro\u00e7a e sem orienta\u00e7\u00f5es, inventava esfoliantes caseiros e era a mais \u201cfresca\u201ddos filhos porque n\u00e3o gostava de tomar sol (imagina???). Como nessa vida \u00e9 tudo quest\u00e3o de h\u00e1bito, isso de certa forma passou para mim hehehe. Ah! Mas tem outra coisa: sempre achei estranho rotular que a partir dos 30 deve-se usar creme tal, dos 45 outro, se fez 60 muda tudo de novo!<\/p>\n<p>Na minha opini\u00e3o, cada pele tem uma necessidade diferente. Como assim? Tem gente de 30 anos que pelo fato de ter se exposto muito ao sol, envelheceu muito (a pele j\u00e1 mostra sinais de flacidez, tem manchas e rugas) e pessoas acima dos 45-50 anos que tem pele de p\u00eassego (#invejaboa #\u00e9ocasodaminham\u00e3e hahaha) \u2013 nesses casos sempre conta a gen\u00e9tica e fatores ligados ao envelhecimento da pele, como: sol, cigarro, m\u00e1 alimenta\u00e7\u00e3o e estress. Ent\u00e3o tudo vai depender da avalia\u00e7\u00e3o de um dermatologista para saber o que a sua pele realmente vai precisar de cuidados.<\/p>\n<p>Mas tem dicas que podem ajudar todo mundo que n\u00e3o \u00e9 mais adolescente e j\u00e1 acumulou algumas primaveras! Vamos a elas e de quebra algumas sugest\u00f5es de produtos bacan\u00e9rrimos:<\/p>\n<p><span style=\"color: #ff99cc;\">\u2665<\/span>Filtro solar. Claro! Eu n\u00e3o canso de repetir: este \u00e9 melhor anti-idade que existe (provado cientificamente, leia <a href=\"http:\/\/drasilviacristina.com.br\/ta-provado-filtros-solares-definitivamente-combatem-sinais-do-envelhecimento\/\" target=\"_blank\" rel=\"noopener\">aqui<\/a>!). Se voc\u00ea acha que por ter mais de 50 e 60 anos, n\u00e3o vai te ajudar em nada, engano seu: o sol (em excesso) envelhece e favorece ao aparecimento de c\u00e2ncer de pele, que \u00e9 mais propicio de aparecer nas peles maduras.<\/p>\n<p><span style=\"color: #ff99cc;\"><img loading=\"lazy\" decoding=\"async\" class=\"aligncenter  wp-image-10801\" src=\"http:\/\/drasilviacristina.com.br\/site2017\/wp-content\/uploads\/2013\/08\/filtrum-ht-30.jpg\" alt=\"\" width=\"328\" height=\"328\" srcset=\"http:\/\/drasilviacristina.com.br\/site2017\/wp-content\/uploads\/2013\/08\/filtrum-ht-30.jpg 494w, http:\/\/drasilviacristina.com.br\/site2017\/wp-content\/uploads\/2013\/08\/filtrum-ht-30-150x150.jpg 150w, http:\/\/drasilviacristina.com.br\/site2017\/wp-content\/uploads\/2013\/08\/filtrum-ht-30-300x300.jpg 300w, http:\/\/drasilviacristina.com.br\/site2017\/wp-content\/uploads\/2013\/08\/filtrum-ht-30-65x65.jpg 65w\" sizes=\"auto, (max-width: 328px) 100vw, 328px\" \/>\u2665<\/span>Hidrata\u00e7\u00e3o. A pele torna-se cada vez mais seca, fina e fr\u00e1gil a medida que envelhecemos, principalmente nas mulheres menopausadas. O momento correto de se usar hidratante sem ficar \u201cmelada\u201d \u00e9 logo depois do banho com a pele ainda \u00famida, pois os ativos s\u00e3o absorvidos mais rapidamente\u00a0 por terem afinidade pela \u00e1gua presente na superf\u00edcie da pele.<\/p>\n<p><span style=\"color: #ff99cc;\"><img loading=\"lazy\" decoding=\"async\" class=\"aligncenter  wp-image-10802\" src=\"http:\/\/drasilviacristina.com.br\/site2017\/wp-content\/uploads\/2013\/08\/ureadin-rx-10.jpg\" alt=\"\" width=\"335\" height=\"335\" srcset=\"http:\/\/drasilviacristina.com.br\/site2017\/wp-content\/uploads\/2013\/08\/ureadin-rx-10.jpg 800w, http:\/\/drasilviacristina.com.br\/site2017\/wp-content\/uploads\/2013\/08\/ureadin-rx-10-150x150.jpg 150w, http:\/\/drasilviacristina.com.br\/site2017\/wp-content\/uploads\/2013\/08\/ureadin-rx-10-300x300.jpg 300w, http:\/\/drasilviacristina.com.br\/site2017\/wp-content\/uploads\/2013\/08\/ureadin-rx-10-768x768.jpg 768w, http:\/\/drasilviacristina.com.br\/site2017\/wp-content\/uploads\/2013\/08\/ureadin-rx-10-65x65.jpg 65w, http:\/\/drasilviacristina.com.br\/site2017\/wp-content\/uploads\/2013\/08\/ureadin-rx-10-580x580.jpg 580w\" sizes=\"auto, (max-width: 335px) 100vw, 335px\" \/>\u2665<\/span>Esfolia\u00e7\u00e3o. Principalmente a esfolia\u00e7\u00e3o qu\u00edmica, como os peelings de \u00e1cido salic\u00edlico e glic\u00f3lico ajudam a melhorar a textura da pele que nessa idade \u00e9 mais grossa e tem pouca luminosidade.<\/p>\n<p><span style=\"color: #ff99cc;\"><img loading=\"lazy\" decoding=\"async\" class=\"aligncenter  wp-image-10803\" src=\"http:\/\/drasilviacristina.com.br\/site2017\/wp-content\/uploads\/2013\/08\/retexturing.jpg\" alt=\"\" width=\"364\" height=\"273\" srcset=\"http:\/\/drasilviacristina.com.br\/site2017\/wp-content\/uploads\/2013\/08\/retexturing.jpg 500w, http:\/\/drasilviacristina.com.br\/site2017\/wp-content\/uploads\/2013\/08\/retexturing-300x225.jpg 300w\" sizes=\"auto, (max-width: 364px) 100vw, 364px\" \/>\u2665<\/span>Acne na mulher adulta. Muitas mulheres continuam a apresentar acne mesmo depois dos 40 anos. Isso deve ser investigado por um dermatologista: pode ser constitucional\/gen\u00e9tico, dist\u00farbio hormonal ou n\u00e3o ser acne \u2013 no caso, ros\u00e1cea!<\/p>\n<p><span style=\"color: #ff99cc;\"><img loading=\"lazy\" decoding=\"async\" class=\"aligncenter  wp-image-10804\" src=\"http:\/\/drasilviacristina.com.br\/site2017\/wp-content\/uploads\/2013\/08\/rosaliac-ar.jpg\" alt=\"\" width=\"152\" height=\"386\" srcset=\"http:\/\/drasilviacristina.com.br\/site2017\/wp-content\/uploads\/2013\/08\/rosaliac-ar.jpg 252w, http:\/\/drasilviacristina.com.br\/site2017\/wp-content\/uploads\/2013\/08\/rosaliac-ar-118x300.jpg 118w\" sizes=\"auto, (max-width: 152px) 100vw, 152px\" \/>\u2665<\/span>Procedimentos. Muitos tratamentos quando bem indicados e executados melhoram a apar\u00eancia da pele, suavizam a express\u00e3o e rejuvenece \u2013 mas sem ficar com cara esticada hehehe. Procure seu dermatologista de confian\u00e7a, ele pode indicar se um Botox, preenchimento ou laser vai te ajudar a se sentir melhor e mais feliz, n\u00e3o \u00e9 verdade ?<\/p>\n<p><span style=\"color: #ff99cc;\"><a href=\"http:\/\/drasilviacristina.com.br\/site2017\/wp-content\/uploads\/2013\/08\/rugas-e-olhos.bmp\"><img loading=\"lazy\" decoding=\"async\" class=\"aligncenter size-full wp-image-10805\" src=\"http:\/\/drasilviacristina.com.br\/site2017\/wp-content\/uploads\/2013\/08\/rugas-e-olhos.bmp\" alt=\"\" width=\"360\" height=\"203\" srcset=\"http:\/\/drasilviacristina.com.br\/site2017\/wp-content\/uploads\/2013\/08\/rugas-e-olhos.bmp 360w, http:\/\/drasilviacristina.com.br\/site2017\/wp-content\/uploads\/2013\/08\/rugas-e-olhos-300x169.jpg 300w\" sizes=\"auto, (max-width: 360px) 100vw, 360px\" \/><\/a>\u2665<\/span>Relaxe!!! Procure fazer o que gosta, estar com quem voc\u00ea gosta, fazer uma atividade f\u00edsica, viaje! O estress \u00e9 um dos piores inimigos da pele madura, piora as rugas, a express\u00e3o fica mais cansada e muitos radicais livres s\u00e3o liberados nessas situa\u00e7\u00f5es o que pode desequilibrar sua sa\u00fade e seu bem-estar.<\/p>\n<p><img loading=\"lazy\" decoding=\"async\" class=\"aligncenter  wp-image-10806\" src=\"http:\/\/drasilviacristina.com.br\/site2017\/wp-content\/uploads\/2013\/08\/relax-1.jpg\" alt=\"\" width=\"289\" height=\"249\" srcset=\"http:\/\/drasilviacristina.com.br\/site2017\/wp-content\/uploads\/2013\/08\/relax-1.jpg 422w, http:\/\/drasilviacristina.com.br\/site2017\/wp-content\/uploads\/2013\/08\/relax-1-300x258.jpg 300w\" sizes=\"auto, (max-width: 289px) 100vw, 289px\" \/><\/p>\n<p>Bjs!<\/p>\n","protected":false},"excerpt":{"rendered":"<p>Depois de postar (aqui) sobre um lan\u00e7amento de creme para pele madura me deu vontade de falar mais sobre o tema. Isso porque sempre vejo no consult\u00f3rio mulheres e homens&#8230;<\/p>\n","protected":false},"author":1,"featured_media":10799,"comment_status":"open","ping_status":"open","sticky":false,"template":"","format":"standard","meta":{"footnotes":""},"categories":[25,39],"tags":[190,74,68,70,191],"class_list":["post-959","post","type-post","status-publish","format-standard","has-post-thumbnail","hentry","category-dicas","category-pele","tag-botox","tag-filtro-solar-2","tag-hidratantes","tag-pele-seca","tag-preenchimento"],"yoast_head":"<!-- This site is optimized with the Yoast SEO plugin v26.8 - https:\/\/yoast.com\/product\/yoast-seo-wordpress\/ -->\n<title>Cuidados com a pele madura - Dra. Silvia Cristina<\/title>\n<meta name=\"robots\" content=\"index, follow, max-snippet:-1, max-image-preview:large, max-video-preview:-1\" \/>\n<link rel=\"canonical\" href=\"http:\/\/drasilviacristina.com.br\/index.php\/2013\/08\/29\/cuidados-com-a-pele-madura\/\" \/>\n<meta property=\"og:locale\" content=\"pt_BR\" \/>\n<meta property=\"og:type\" content=\"article\" \/>\n<meta property=\"og:title\" content=\"Cuidados com a pele madura - Dra. Silvia Cristina\" \/>\n<meta property=\"og:description\" content=\"Depois de postar (aqui) sobre um lan\u00e7amento de creme para pele madura me deu vontade de falar mais sobre o tema. Isso porque sempre vejo no consult\u00f3rio mulheres e homens...\" \/>\n<meta property=\"og:url\" content=\"http:\/\/drasilviacristina.com.br\/index.php\/2013\/08\/29\/cuidados-com-a-pele-madura\/\" \/>\n<meta property=\"og:site_name\" content=\"Dra. Silvia Cristina\" \/>\n<meta property=\"article:published_time\" content=\"2013-08-29T18:06:55+00:00\" \/>\n<meta property=\"article:modified_time\" content=\"2017-10-16T20:09:11+00:00\" \/>\n<meta property=\"og:image\" content=\"http:\/\/drasilviacristina.com.br\/site2017\/wp-content\/uploads\/2013\/08\/helen-mirren.jpg\" \/>\n\t<meta property=\"og:image:width\" content=\"1600\" \/>\n\t<meta property=\"og:image:height\" content=\"1200\" \/>\n\t<meta property=\"og:image:type\" content=\"image\/jpeg\" \/>\n<meta name=\"author\" content=\"suportevetta\" \/>\n<meta name=\"twitter:card\" content=\"summary_large_image\" \/>\n<meta name=\"twitter:label1\" content=\"Escrito por\" \/>\n\t<meta name=\"twitter:data1\" content=\"suportevetta\" \/>\n\t<meta name=\"twitter:label2\" content=\"Est. tempo de leitura\" \/>\n\t<meta name=\"twitter:data2\" content=\"3 minutos\" \/>\n<script type=\"application\/ld+json\" class=\"yoast-schema-graph\">{\"@context\":\"https:\/\/schema.org\",\"@graph\":[{\"@type\":\"Article\",\"@id\":\"http:\/\/drasilviacristina.com.br\/index.php\/2013\/08\/29\/cuidados-com-a-pele-madura\/#article\",\"isPartOf\":{\"@id\":\"http:\/\/drasilviacristina.com.br\/index.php\/2013\/08\/29\/cuidados-com-a-pele-madura\/\"},\"author\":{\"name\":\"suportevetta\",\"@id\":\"http:\/\/drasilviacristina.com.br\/#\/schema\/person\/f3090181c68e99d5ce632fc48f35b736\"},\"headline\":\"Cuidados com a pele madura\",\"datePublished\":\"2013-08-29T18:06:55+00:00\",\"dateModified\":\"2017-10-16T20:09:11+00:00\",\"mainEntityOfPage\":{\"@id\":\"http:\/\/drasilviacristina.com.br\/index.php\/2013\/08\/29\/cuidados-com-a-pele-madura\/\"},\"wordCount\":593,\"commentCount\":0,\"image\":{\"@id\":\"http:\/\/drasilviacristina.com.br\/index.php\/2013\/08\/29\/cuidados-com-a-pele-madura\/#primaryimage\"},\"thumbnailUrl\":\"http:\/\/drasilviacristina.com.br\/site2017\/wp-content\/uploads\/2013\/08\/helen-mirren.jpg\",\"keywords\":[\"botox\",\"filtro solar\",\"hidratantes\",\"pele seca\",\"preenchimento\"],\"articleSection\":[\"Dicas\",\"Pele\"],\"inLanguage\":\"pt-BR\",\"potentialAction\":[{\"@type\":\"CommentAction\",\"name\":\"Comment\",\"target\":[\"http:\/\/drasilviacristina.com.br\/index.php\/2013\/08\/29\/cuidados-com-a-pele-madura\/#respond\"]}]},{\"@type\":\"WebPage\",\"@id\":\"http:\/\/drasilviacristina.com.br\/index.php\/2013\/08\/29\/cuidados-com-a-pele-madura\/\",\"url\":\"http:\/\/drasilviacristina.com.br\/index.php\/2013\/08\/29\/cuidados-com-a-pele-madura\/\",\"name\":\"Cuidados com a pele madura - Dra. Silvia Cristina\",\"isPartOf\":{\"@id\":\"http:\/\/drasilviacristina.com.br\/#website\"},\"primaryImageOfPage\":{\"@id\":\"http:\/\/drasilviacristina.com.br\/index.php\/2013\/08\/29\/cuidados-com-a-pele-madura\/#primaryimage\"},\"image\":{\"@id\":\"http:\/\/drasilviacristina.com.br\/index.php\/2013\/08\/29\/cuidados-com-a-pele-madura\/#primaryimage\"},\"thumbnailUrl\":\"http:\/\/drasilviacristina.com.br\/site2017\/wp-content\/uploads\/2013\/08\/helen-mirren.jpg\",\"datePublished\":\"2013-08-29T18:06:55+00:00\",\"dateModified\":\"2017-10-16T20:09:11+00:00\",\"author\":{\"@id\":\"http:\/\/drasilviacristina.com.br\/#\/schema\/person\/f3090181c68e99d5ce632fc48f35b736\"},\"breadcrumb\":{\"@id\":\"http:\/\/drasilviacristina.com.br\/index.php\/2013\/08\/29\/cuidados-com-a-pele-madura\/#breadcrumb\"},\"inLanguage\":\"pt-BR\",\"potentialAction\":[{\"@type\":\"ReadAction\",\"target\":[\"http:\/\/drasilviacristina.com.br\/index.php\/2013\/08\/29\/cuidados-com-a-pele-madura\/\"]}]},{\"@type\":\"ImageObject\",\"inLanguage\":\"pt-BR\",\"@id\":\"http:\/\/drasilviacristina.com.br\/index.php\/2013\/08\/29\/cuidados-com-a-pele-madura\/#primaryimage\",\"url\":\"http:\/\/drasilviacristina.com.br\/site2017\/wp-content\/uploads\/2013\/08\/helen-mirren.jpg\",\"contentUrl\":\"http:\/\/drasilviacristina.com.br\/site2017\/wp-content\/uploads\/2013\/08\/helen-mirren.jpg\",\"width\":1600,\"height\":1200},{\"@type\":\"BreadcrumbList\",\"@id\":\"http:\/\/drasilviacristina.com.br\/index.php\/2013\/08\/29\/cuidados-com-a-pele-madura\/#breadcrumb\",\"itemListElement\":[{\"@type\":\"ListItem\",\"position\":1,\"name\":\"Home\",\"item\":\"http:\/\/drasilviacristina.com.br\/\"},{\"@type\":\"ListItem\",\"position\":2,\"name\":\"Cuidados com a pele madura\"}]},{\"@type\":\"WebSite\",\"@id\":\"http:\/\/drasilviacristina.com.br\/#website\",\"url\":\"http:\/\/drasilviacristina.com.br\/\",\"name\":\"Dra. Silvia Cristina\",\"description\":\"Dermatologia Cl\u00ednica, Cir\u00fargica e Est\u00e9tica\",\"potentialAction\":[{\"@type\":\"SearchAction\",\"target\":{\"@type\":\"EntryPoint\",\"urlTemplate\":\"http:\/\/drasilviacristina.com.br\/?s={search_term_string}\"},\"query-input\":{\"@type\":\"PropertyValueSpecification\",\"valueRequired\":true,\"valueName\":\"search_term_string\"}}],\"inLanguage\":\"pt-BR\"},{\"@type\":\"Person\",\"@id\":\"http:\/\/drasilviacristina.com.br\/#\/schema\/person\/f3090181c68e99d5ce632fc48f35b736\",\"name\":\"suportevetta\",\"image\":{\"@type\":\"ImageObject\",\"inLanguage\":\"pt-BR\",\"@id\":\"http:\/\/drasilviacristina.com.br\/#\/schema\/person\/image\/\",\"url\":\"https:\/\/secure.gravatar.com\/avatar\/835e29c7781c12f52a3b2bcad870d1d076c35cfd07194b9f87d4aecba9b93f30?s=96&d=mm&r=g\",\"contentUrl\":\"https:\/\/secure.gravatar.com\/avatar\/835e29c7781c12f52a3b2bcad870d1d076c35cfd07194b9f87d4aecba9b93f30?s=96&d=mm&r=g\",\"caption\":\"suportevetta\"},\"url\":\"http:\/\/drasilviacristina.com.br\/index.php\/author\/suportevetta\/\"}]}<\/script>\n<!-- \/ Yoast SEO plugin. -->","yoast_head_json":{"title":"Cuidados com a pele madura - Dra. Silvia Cristina","robots":{"index":"index","follow":"follow","max-snippet":"max-snippet:-1","max-image-preview":"max-image-preview:large","max-video-preview":"max-video-preview:-1"},"canonical":"http:\/\/drasilviacristina.com.br\/index.php\/2013\/08\/29\/cuidados-com-a-pele-madura\/","og_locale":"pt_BR","og_type":"article","og_title":"Cuidados com a pele madura - Dra. Silvia Cristina","og_description":"Depois de postar (aqui) sobre um lan\u00e7amento de creme para pele madura me deu vontade de falar mais sobre o tema. Isso porque sempre vejo no consult\u00f3rio mulheres e homens...","og_url":"http:\/\/drasilviacristina.com.br\/index.php\/2013\/08\/29\/cuidados-com-a-pele-madura\/","og_site_name":"Dra. Silvia Cristina","article_published_time":"2013-08-29T18:06:55+00:00","article_modified_time":"2017-10-16T20:09:11+00:00","og_image":[{"width":1600,"height":1200,"url":"http:\/\/drasilviacristina.com.br\/site2017\/wp-content\/uploads\/2013\/08\/helen-mirren.jpg","type":"image\/jpeg"}],"author":"suportevetta","twitter_card":"summary_large_image","twitter_misc":{"Escrito por":"suportevetta","Est. tempo de leitura":"3 minutos"},"schema":{"@context":"https:\/\/schema.org","@graph":[{"@type":"Article","@id":"http:\/\/drasilviacristina.com.br\/index.php\/2013\/08\/29\/cuidados-com-a-pele-madura\/#article","isPartOf":{"@id":"http:\/\/drasilviacristina.com.br\/index.php\/2013\/08\/29\/cuidados-com-a-pele-madura\/"},"author":{"name":"suportevetta","@id":"http:\/\/drasilviacristina.com.br\/#\/schema\/person\/f3090181c68e99d5ce632fc48f35b736"},"headline":"Cuidados com a pele madura","datePublished":"2013-08-29T18:06:55+00:00","dateModified":"2017-10-16T20:09:11+00:00","mainEntityOfPage":{"@id":"http:\/\/drasilviacristina.com.br\/index.php\/2013\/08\/29\/cuidados-com-a-pele-madura\/"},"wordCount":593,"commentCount":0,"image":{"@id":"http:\/\/drasilviacristina.com.br\/index.php\/2013\/08\/29\/cuidados-com-a-pele-madura\/#primaryimage"},"thumbnailUrl":"http:\/\/drasilviacristina.com.br\/site2017\/wp-content\/uploads\/2013\/08\/helen-mirren.jpg","keywords":["botox","filtro solar","hidratantes","pele seca","preenchimento"],"articleSection":["Dicas","Pele"],"inLanguage":"pt-BR","potentialAction":[{"@type":"CommentAction","name":"Comment","target":["http:\/\/drasilviacristina.com.br\/index.php\/2013\/08\/29\/cuidados-com-a-pele-madura\/#respond"]}]},{"@type":"WebPage","@id":"http:\/\/drasilviacristina.com.br\/index.php\/2013\/08\/29\/cuidados-com-a-pele-madura\/","url":"http:\/\/drasilviacristina.com.br\/index.php\/2013\/08\/29\/cuidados-com-a-pele-madura\/","name":"Cuidados com a pele madura - Dra. Silvia Cristina","isPartOf":{"@id":"http:\/\/drasilviacristina.com.br\/#website"},"primaryImageOfPage":{"@id":"http:\/\/drasilviacristina.com.br\/index.php\/2013\/08\/29\/cuidados-com-a-pele-madura\/#primaryimage"},"image":{"@id":"http:\/\/drasilviacristina.com.br\/index.php\/2013\/08\/29\/cuidados-com-a-pele-madura\/#primaryimage"},"thumbnailUrl":"http:\/\/drasilviacristina.com.br\/site2017\/wp-content\/uploads\/2013\/08\/helen-mirren.jpg","datePublished":"2013-08-29T18:06:55+00:00","dateModified":"2017-10-16T20:09:11+00:00","author":{"@id":"http:\/\/drasilviacristina.com.br\/#\/schema\/person\/f3090181c68e99d5ce632fc48f35b736"},"breadcrumb":{"@id":"http:\/\/drasilviacristina.com.br\/index.php\/2013\/08\/29\/cuidados-com-a-pele-madura\/#breadcrumb"},"inLanguage":"pt-BR","potentialAction":[{"@type":"ReadAction","target":["http:\/\/drasilviacristina.com.br\/index.php\/2013\/08\/29\/cuidados-com-a-pele-madura\/"]}]},{"@type":"ImageObject","inLanguage":"pt-BR","@id":"http:\/\/drasilviacristina.com.br\/index.php\/2013\/08\/29\/cuidados-com-a-pele-madura\/#primaryimage","url":"http:\/\/drasilviacristina.com.br\/site2017\/wp-content\/uploads\/2013\/08\/helen-mirren.jpg","contentUrl":"http:\/\/drasilviacristina.com.br\/site2017\/wp-content\/uploads\/2013\/08\/helen-mirren.jpg","width":1600,"height":1200},{"@type":"BreadcrumbList","@id":"http:\/\/drasilviacristina.com.br\/index.php\/2013\/08\/29\/cuidados-com-a-pele-madura\/#breadcrumb","itemListElement":[{"@type":"ListItem","position":1,"name":"Home","item":"http:\/\/drasilviacristina.com.br\/"},{"@type":"ListItem","position":2,"name":"Cuidados com a pele madura"}]},{"@type":"WebSite","@id":"http:\/\/drasilviacristina.com.br\/#website","url":"http:\/\/drasilviacristina.com.br\/","name":"Dra. Silvia Cristina","description":"Dermatologia Cl\u00ednica, Cir\u00fargica e Est\u00e9tica","potentialAction":[{"@type":"SearchAction","target":{"@type":"EntryPoint","urlTemplate":"http:\/\/drasilviacristina.com.br\/?s={search_term_string}"},"query-input":{"@type":"PropertyValueSpecification","valueRequired":true,"valueName":"search_term_string"}}],"inLanguage":"pt-BR"},{"@type":"Person","@id":"http:\/\/drasilviacristina.com.br\/#\/schema\/person\/f3090181c68e99d5ce632fc48f35b736","name":"suportevetta","image":{"@type":"ImageObject","inLanguage":"pt-BR","@id":"http:\/\/drasilviacristina.com.br\/#\/schema\/person\/image\/","url":"https:\/\/secure.gravatar.com\/avatar\/835e29c7781c12f52a3b2bcad870d1d076c35cfd07194b9f87d4aecba9b93f30?s=96&d=mm&r=g","contentUrl":"https:\/\/secure.gravatar.com\/avatar\/835e29c7781c12f52a3b2bcad870d1d076c35cfd07194b9f87d4aecba9b93f30?s=96&d=mm&r=g","caption":"suportevetta"},"url":"http:\/\/drasilviacristina.com.br\/index.php\/author\/suportevetta\/"}]}},"_links":{"self":[{"href":"http:\/\/drasilviacristina.com.br\/index.php\/wp-json\/wp\/v2\/posts\/959","targetHints":{"allow":["GET"]}}],"collection":[{"href":"http:\/\/drasilviacristina.com.br\/index.php\/wp-json\/wp\/v2\/posts"}],"about":[{"href":"http:\/\/drasilviacristina.com.br\/index.php\/wp-json\/wp\/v2\/types\/post"}],"author":[{"embeddable":true,"href":"http:\/\/drasilviacristina.com.br\/index.php\/wp-json\/wp\/v2\/users\/1"}],"replies":[{"embeddable":true,"href":"http:\/\/drasilviacristina.com.br\/index.php\/wp-json\/wp\/v2\/comments?post=959"}],"version-history":[{"count":2,"href":"http:\/\/drasilviacristina.com.br\/index.php\/wp-json\/wp\/v2\/posts\/959\/revisions"}],"predecessor-version":[{"id":10807,"href":"http:\/\/drasilviacristina.com.br\/index.php\/wp-json\/wp\/v2\/posts\/959\/revisions\/10807"}],"wp:featuredmedia":[{"embeddable":true,"href":"http:\/\/drasilviacristina.com.br\/index.php\/wp-json\/wp\/v2\/media\/10799"}],"wp:attachment":[{"href":"http:\/\/drasilviacristina.com.br\/index.php\/wp-json\/wp\/v2\/media?parent=959"}],"wp:term":[{"taxonomy":"category","embeddable":true,"href":"http:\/\/drasilviacristina.com.br\/index.php\/wp-json\/wp\/v2\/categories?post=959"},{"taxonomy":"post_tag","embeddable":true,"href":"http:\/\/drasilviacristina.com.br\/index.php\/wp-json\/wp\/v2\/tags?post=959"}],"curies":[{"name":"wp","href":"https:\/\/api.w.org\/{rel}","templated":true}]}}