{"id":1178,"date":"2014-03-26T10:43:57","date_gmt":"2014-03-26T13:43:57","guid":{"rendered":"http:\/\/drasilviacristina.com.br\/?p=1178"},"modified":"2022-11-23T09:28:04","modified_gmt":"2022-11-23T12:28:04","slug":"e-tempo-de-recomecar","status":"publish","type":"post","link":"http:\/\/drasilviacristina.com.br\/index.php\/2014\/03\/26\/e-tempo-de-recomecar\/","title":{"rendered":"\u00c9 tempo de recome\u00e7ar&#8230;"},"content":{"rendered":"<style type=\"text\/css\"><\/style><p style=\"text-align: center;\"><img loading=\"lazy\" decoding=\"async\" class=\"aligncenter  wp-image-10754\" src=\"http:\/\/drasilviacristina.com.br\/site2017\/wp-content\/uploads\/2014\/03\/diane-kruger-2.jpg\" alt=\"\" width=\"628\" height=\"492\" srcset=\"http:\/\/drasilviacristina.com.br\/site2017\/wp-content\/uploads\/2014\/03\/diane-kruger-2.jpg 1647w, http:\/\/drasilviacristina.com.br\/site2017\/wp-content\/uploads\/2014\/03\/diane-kruger-2-300x235.jpg 300w, http:\/\/drasilviacristina.com.br\/site2017\/wp-content\/uploads\/2014\/03\/diane-kruger-2-768x601.jpg 768w, http:\/\/drasilviacristina.com.br\/site2017\/wp-content\/uploads\/2014\/03\/diane-kruger-2-1024x801.jpg 1024w, http:\/\/drasilviacristina.com.br\/site2017\/wp-content\/uploads\/2014\/03\/diane-kruger-2-580x454.jpg 580w, http:\/\/drasilviacristina.com.br\/site2017\/wp-content\/uploads\/2014\/03\/diane-kruger-2-860x673.jpg 860w, http:\/\/drasilviacristina.com.br\/site2017\/wp-content\/uploads\/2014\/03\/diane-kruger-2-1160x908.jpg 1160w\" sizes=\"auto, (max-width: 628px) 100vw, 628px\" \/><\/p>\n<p>Come\u00e7o o blog com essa foto da bel\u00edssima Diane Kruger, atriz alem\u00e3 detentora de uma tez invej\u00e1vel! Perguntada qual o segredo de uma pele t\u00e3o perfeita, imaginem a resposta: \u201cNunca tomo sol!\u201d Mas, pra n\u00f3s, que moramos em um pa\u00eds ensolarado, passarmos o ver\u00e3o sem pegar uma praia ou uma piscina, \u00e9 quase irresist\u00edvel, n\u00e3o? Mas, da\u00ed o ver\u00e3o passa e outono chega&#8230; E com ele o resultado na pele principalmente de quem se exp\u00f4s como se n\u00e3o houvesse amanh\u00e3: manchas, excesso de oleosidade, espinhas, enfim, um desastre! Caaaalma, nada de desespero! \u00c9 poss\u00edvel sim voltar \u00e0 est\u00e9tica da cor de escrit\u00f3rio (ou seja, lisinha, sem manchinhas) e sem muito desbotamento. N\u00e3o que o caminho seja simples ou f\u00e1cil, pelo contr\u00e1rio&#8230; Mas, com um bom cuidado di\u00e1rio associado aos tratamentos dermatol\u00f3gicos \u00e9 poss\u00edvel sim renovar a pele e deix\u00e1-la linda!<\/p>\n<p>Aproveite que o outono chegou e comece o projeto #pelerenovada #pelelinda! Primeira coisa procure sua \u201cdermatoamiga\u201d e pe\u00e7a socorro hehehehe! Na verdade, \u00e9 preciso avaliar como est\u00e1 sua rotina (ou n\u00e3o) de cuidados com a pele depois do per\u00edodo off duty.<\/p>\n<p><span style=\"color: #ff99cc;\">\u2665<\/span>Pele manchada: no caso de quem est\u00e1 com a pele muito manchada talvez seja o momento ideal de iniciar alguns despigmentantes potentes e modernos (que n\u00e3o irritem demasiadamente) como, por exemplo, f\u00f3rmulas que contenham: \u00e1cido k\u00f3jico, arbutin, \u00e1cido glic\u00f3lico, \u00e1cido f\u00edtico e phloretin. A tend\u00eancia atual s\u00e3o f\u00f3rmulas que agregam despigmentantes de a\u00e7\u00f5es diferentes e o uso cada vez menor da conhecida hidroquinona devido o seu efeito t\u00f3xico sobre \u00e0 pele.<\/p>\n<p><span style=\"color: #ff99cc;\"><img loading=\"lazy\" decoding=\"async\" class=\"aligncenter  wp-image-10756\" src=\"http:\/\/drasilviacristina.com.br\/site2017\/wp-content\/uploads\/2014\/03\/Klassis.jpg\" alt=\"\" width=\"434\" height=\"611\" srcset=\"http:\/\/drasilviacristina.com.br\/site2017\/wp-content\/uploads\/2014\/03\/Klassis.jpg 853w, http:\/\/drasilviacristina.com.br\/site2017\/wp-content\/uploads\/2014\/03\/Klassis-213x300.jpg 213w, http:\/\/drasilviacristina.com.br\/site2017\/wp-content\/uploads\/2014\/03\/Klassis-768x1080.jpg 768w, http:\/\/drasilviacristina.com.br\/site2017\/wp-content\/uploads\/2014\/03\/Klassis-728x1024.jpg 728w, http:\/\/drasilviacristina.com.br\/site2017\/wp-content\/uploads\/2014\/03\/Klassis-580x816.jpg 580w\" sizes=\"auto, (max-width: 434px) 100vw, 434px\" \/>\u2665<\/span>Pele envelhecida e rugas (credo!!!): gente, mais uma vez: o sol tem in\u00fameros efeitos ben\u00e9ficos sobre nossa sa\u00fade. Mas ele \u00e9 o principal fator, provado atrav\u00e9s de in\u00fameros estudos cient\u00edficos, que provoca envelhecimento da pele, quer dizer, a deixa sem vi\u00e7o e com marcas. E pra quem passou dos 30, isso come\u00e7a a ficar mais not\u00e1vel. Nessas situa\u00e7\u00f5es, acho fundamental estimular uma renova\u00e7\u00e3o das c\u00e9lulas da pele que v\u00e3o ficando pregui\u00e7osas com o passar do tempo.<br \/>\nDefinitivamente o \u00e1cido retin\u00f3ico continua imbat\u00edvel nesse quesito e atualmente, tenho associado potentes antioxidantes como a vitamina C, o \u00e1cido fer\u00falico, coffeberry e ch\u00e1 verde que potencializam ainda mais seu o efeito rejuvenescedor.<\/p>\n<p><span style=\"color: #ff99cc;\"><img loading=\"lazy\" decoding=\"async\" class=\"aligncenter size-full wp-image-10757\" src=\"http:\/\/drasilviacristina.com.br\/site2017\/wp-content\/uploads\/2014\/03\/skin-active-night.jpg\" alt=\"\" width=\"500\" height=\"500\" srcset=\"http:\/\/drasilviacristina.com.br\/site2017\/wp-content\/uploads\/2014\/03\/skin-active-night.jpg 500w, http:\/\/drasilviacristina.com.br\/site2017\/wp-content\/uploads\/2014\/03\/skin-active-night-150x150.jpg 150w, http:\/\/drasilviacristina.com.br\/site2017\/wp-content\/uploads\/2014\/03\/skin-active-night-300x300.jpg 300w, http:\/\/drasilviacristina.com.br\/site2017\/wp-content\/uploads\/2014\/03\/skin-active-night-65x65.jpg 65w\" sizes=\"auto, (max-width: 500px) 100vw, 500px\" \/>\u2665<\/span>Espinhas e excesso de oleosidade: em tempos de ver\u00e3o, geralmente a pele fica realmente mais oleosa o que estimula a produ\u00e7\u00e3o de espinhas, a que chamamos de Acne Estival. Nesse caso, geralmente a acne se manifesta atrav\u00e9s do aparecimento de cravinhos e excesso de brilho na pele. Geralmente indico produtos a base de adapaleno e cosm\u00e9ticos que controlem o brilho ao longo dia.<\/p>\n<p><span style=\"color: #ff99cc;\"><img loading=\"lazy\" decoding=\"async\" class=\"aligncenter size-full wp-image-10758\" src=\"http:\/\/drasilviacristina.com.br\/site2017\/wp-content\/uploads\/2014\/03\/differin.jpg\" alt=\"\" width=\"600\" height=\"600\" srcset=\"http:\/\/drasilviacristina.com.br\/site2017\/wp-content\/uploads\/2014\/03\/differin.jpg 600w, http:\/\/drasilviacristina.com.br\/site2017\/wp-content\/uploads\/2014\/03\/differin-150x150.jpg 150w, http:\/\/drasilviacristina.com.br\/site2017\/wp-content\/uploads\/2014\/03\/differin-300x300.jpg 300w, http:\/\/drasilviacristina.com.br\/site2017\/wp-content\/uploads\/2014\/03\/differin-65x65.jpg 65w, http:\/\/drasilviacristina.com.br\/site2017\/wp-content\/uploads\/2014\/03\/differin-580x580.jpg 580w\" sizes=\"auto, (max-width: 600px) 100vw, 600px\" \/>\u2665<\/span>Agora, realmente, tem alguns casos em que a pele precisa de um tratamento de \u201cchoque\u201d digamos assim. Nessas situa\u00e7\u00f5es, procedimentos dermatol\u00f3gicos high-tech como os lasers fracionados de CO2 e luz pulsada tratam as manchas e melhoram (e muito) o aspecto geral da pele. Claro, a op\u00e7\u00e3o de realizar esse tipo de tratamento vai depender da avalia\u00e7\u00e3o de um m\u00e9dico dermatologista. Somente esse profissional est\u00e1 realmente capacitado em realiz\u00e1-lo, porque lembro voc\u00eas que se n\u00e3o for bem feito pode trazer consequ\u00eancias s\u00e9rias \u00e0 pele, como cicatrizes e manchas. O laser de CO2 fracionado tem excelente indica\u00e7\u00e3o para peles fotoenvelhecidas. J\u00e1 a Luz Pulsada tem excelentes resultados em peles jovens com sardas.<\/p>\n<p><img loading=\"lazy\" decoding=\"async\" class=\"aligncenter size-full wp-image-10759\" src=\"http:\/\/drasilviacristina.com.br\/site2017\/wp-content\/uploads\/2014\/03\/active-fx.jpg\" alt=\"\" width=\"214\" height=\"640\" srcset=\"http:\/\/drasilviacristina.com.br\/site2017\/wp-content\/uploads\/2014\/03\/active-fx.jpg 214w, http:\/\/drasilviacristina.com.br\/site2017\/wp-content\/uploads\/2014\/03\/active-fx-100x300.jpg 100w\" sizes=\"auto, (max-width: 214px) 100vw, 214px\" \/>Por isso, inspire-se na Diane Kruger e procure (r\u00e1pido) seu dermatologista para que se possa criar boas estrat\u00e9gias de tratamento que resultem numa pele bonita, cuidada, tratada!<\/p>\n<p>Bjs a todos!<\/p>\n","protected":false},"excerpt":{"rendered":"<p>Come\u00e7o o blog com essa foto da bel\u00edssima Diane Kruger, atriz alem\u00e3 detentora de uma tez invej\u00e1vel! Perguntada qual o segredo de uma pele t\u00e3o perfeita, imaginem a resposta: \u201cNunca&#8230;<\/p>\n","protected":false},"author":1,"featured_media":10754,"comment_status":"closed","ping_status":"closed","sticky":false,"template":"","format":"standard","meta":{"footnotes":""},"categories":[36,39,108],"tags":[78,100,74,105,165,166,81,135,207,82],"class_list":["post-1178","post","type-post","status-publish","format-standard","has-post-thumbnail","hentry","category-dia-a-dia","category-pele","category-tratamentos-dermatologicos","tag-envelhecimento-de-pele","tag-espinhas","tag-filtro-solar-2","tag-laser","tag-laser-de-co2","tag-luz-intensa-pulsada","tag-manchas","tag-melasma","tag-oleosidade","tag-rugas"],"yoast_head":"<!-- This site is optimized with the Yoast SEO plugin v26.8 - https:\/\/yoast.com\/product\/yoast-seo-wordpress\/ -->\n<title>\u00c9 tempo de recome\u00e7ar... - Dra. Silvia Cristina<\/title>\n<meta name=\"robots\" content=\"index, follow, max-snippet:-1, max-image-preview:large, max-video-preview:-1\" \/>\n<link rel=\"canonical\" href=\"https:\/\/drasilviacristina.com.br\/index.php\/2014\/03\/26\/e-tempo-de-recomecar\/\" \/>\n<meta property=\"og:locale\" content=\"pt_BR\" \/>\n<meta property=\"og:type\" content=\"article\" \/>\n<meta property=\"og:title\" content=\"\u00c9 tempo de recome\u00e7ar... - Dra. Silvia Cristina\" \/>\n<meta property=\"og:description\" content=\"Come\u00e7o o blog com essa foto da bel\u00edssima Diane Kruger, atriz alem\u00e3 detentora de uma tez invej\u00e1vel! Perguntada qual o segredo de uma pele t\u00e3o perfeita, imaginem a resposta: \u201cNunca...\" \/>\n<meta property=\"og:url\" content=\"https:\/\/drasilviacristina.com.br\/index.php\/2014\/03\/26\/e-tempo-de-recomecar\/\" \/>\n<meta property=\"og:site_name\" content=\"Dra. Silvia Cristina\" \/>\n<meta property=\"article:published_time\" content=\"2014-03-26T13:43:57+00:00\" \/>\n<meta property=\"article:modified_time\" content=\"2022-11-23T12:28:04+00:00\" \/>\n<meta property=\"og:image\" content=\"https:\/\/drasilviacristina.com.br\/site2017\/wp-content\/uploads\/2014\/03\/diane-kruger-2.jpg\" \/>\n\t<meta property=\"og:image:width\" content=\"1647\" \/>\n\t<meta property=\"og:image:height\" content=\"1289\" \/>\n\t<meta property=\"og:image:type\" content=\"image\/jpeg\" \/>\n<meta name=\"author\" content=\"suportevetta\" \/>\n<meta name=\"twitter:card\" content=\"summary_large_image\" \/>\n<meta name=\"twitter:label1\" content=\"Escrito por\" \/>\n\t<meta name=\"twitter:data1\" content=\"suportevetta\" \/>\n\t<meta name=\"twitter:label2\" content=\"Est. tempo de leitura\" \/>\n\t<meta name=\"twitter:data2\" content=\"3 minutos\" \/>\n<script type=\"application\/ld+json\" class=\"yoast-schema-graph\">{\"@context\":\"https:\/\/schema.org\",\"@graph\":[{\"@type\":\"Article\",\"@id\":\"https:\/\/drasilviacristina.com.br\/index.php\/2014\/03\/26\/e-tempo-de-recomecar\/#article\",\"isPartOf\":{\"@id\":\"https:\/\/drasilviacristina.com.br\/index.php\/2014\/03\/26\/e-tempo-de-recomecar\/\"},\"author\":{\"name\":\"suportevetta\",\"@id\":\"http:\/\/drasilviacristina.com.br\/#\/schema\/person\/f3090181c68e99d5ce632fc48f35b736\"},\"headline\":\"\u00c9 tempo de recome\u00e7ar&#8230;\",\"datePublished\":\"2014-03-26T13:43:57+00:00\",\"dateModified\":\"2022-11-23T12:28:04+00:00\",\"mainEntityOfPage\":{\"@id\":\"https:\/\/drasilviacristina.com.br\/index.php\/2014\/03\/26\/e-tempo-de-recomecar\/\"},\"wordCount\":628,\"image\":{\"@id\":\"https:\/\/drasilviacristina.com.br\/index.php\/2014\/03\/26\/e-tempo-de-recomecar\/#primaryimage\"},\"thumbnailUrl\":\"http:\/\/drasilviacristina.com.br\/site2017\/wp-content\/uploads\/2014\/03\/diane-kruger-2.jpg\",\"keywords\":[\"envelhecimento de pele\",\"espinhas\",\"filtro solar\",\"laser\",\"laser de CO2\",\"luz intensa pulsada\",\"manchas\",\"melasma\",\"oleosidade\",\"rugas\"],\"articleSection\":[\"Dia a dia\",\"Pele\",\"Tratamentos dermatol\u00f3gicos\"],\"inLanguage\":\"pt-BR\"},{\"@type\":\"WebPage\",\"@id\":\"https:\/\/drasilviacristina.com.br\/index.php\/2014\/03\/26\/e-tempo-de-recomecar\/\",\"url\":\"https:\/\/drasilviacristina.com.br\/index.php\/2014\/03\/26\/e-tempo-de-recomecar\/\",\"name\":\"\u00c9 tempo de recome\u00e7ar... - Dra. Silvia Cristina\",\"isPartOf\":{\"@id\":\"http:\/\/drasilviacristina.com.br\/#website\"},\"primaryImageOfPage\":{\"@id\":\"https:\/\/drasilviacristina.com.br\/index.php\/2014\/03\/26\/e-tempo-de-recomecar\/#primaryimage\"},\"image\":{\"@id\":\"https:\/\/drasilviacristina.com.br\/index.php\/2014\/03\/26\/e-tempo-de-recomecar\/#primaryimage\"},\"thumbnailUrl\":\"http:\/\/drasilviacristina.com.br\/site2017\/wp-content\/uploads\/2014\/03\/diane-kruger-2.jpg\",\"datePublished\":\"2014-03-26T13:43:57+00:00\",\"dateModified\":\"2022-11-23T12:28:04+00:00\",\"author\":{\"@id\":\"http:\/\/drasilviacristina.com.br\/#\/schema\/person\/f3090181c68e99d5ce632fc48f35b736\"},\"breadcrumb\":{\"@id\":\"https:\/\/drasilviacristina.com.br\/index.php\/2014\/03\/26\/e-tempo-de-recomecar\/#breadcrumb\"},\"inLanguage\":\"pt-BR\",\"potentialAction\":[{\"@type\":\"ReadAction\",\"target\":[\"https:\/\/drasilviacristina.com.br\/index.php\/2014\/03\/26\/e-tempo-de-recomecar\/\"]}]},{\"@type\":\"ImageObject\",\"inLanguage\":\"pt-BR\",\"@id\":\"https:\/\/drasilviacristina.com.br\/index.php\/2014\/03\/26\/e-tempo-de-recomecar\/#primaryimage\",\"url\":\"http:\/\/drasilviacristina.com.br\/site2017\/wp-content\/uploads\/2014\/03\/diane-kruger-2.jpg\",\"contentUrl\":\"http:\/\/drasilviacristina.com.br\/site2017\/wp-content\/uploads\/2014\/03\/diane-kruger-2.jpg\",\"width\":1647,\"height\":1289},{\"@type\":\"BreadcrumbList\",\"@id\":\"https:\/\/drasilviacristina.com.br\/index.php\/2014\/03\/26\/e-tempo-de-recomecar\/#breadcrumb\",\"itemListElement\":[{\"@type\":\"ListItem\",\"position\":1,\"name\":\"Home\",\"item\":\"http:\/\/drasilviacristina.com.br\/\"},{\"@type\":\"ListItem\",\"position\":2,\"name\":\"\u00c9 tempo de recome\u00e7ar&#8230;\"}]},{\"@type\":\"WebSite\",\"@id\":\"http:\/\/drasilviacristina.com.br\/#website\",\"url\":\"http:\/\/drasilviacristina.com.br\/\",\"name\":\"Dra. Silvia Cristina\",\"description\":\"Dermatologia Cl\u00ednica, Cir\u00fargica e Est\u00e9tica\",\"potentialAction\":[{\"@type\":\"SearchAction\",\"target\":{\"@type\":\"EntryPoint\",\"urlTemplate\":\"http:\/\/drasilviacristina.com.br\/?s={search_term_string}\"},\"query-input\":{\"@type\":\"PropertyValueSpecification\",\"valueRequired\":true,\"valueName\":\"search_term_string\"}}],\"inLanguage\":\"pt-BR\"},{\"@type\":\"Person\",\"@id\":\"http:\/\/drasilviacristina.com.br\/#\/schema\/person\/f3090181c68e99d5ce632fc48f35b736\",\"name\":\"suportevetta\",\"image\":{\"@type\":\"ImageObject\",\"inLanguage\":\"pt-BR\",\"@id\":\"http:\/\/drasilviacristina.com.br\/#\/schema\/person\/image\/\",\"url\":\"https:\/\/secure.gravatar.com\/avatar\/835e29c7781c12f52a3b2bcad870d1d076c35cfd07194b9f87d4aecba9b93f30?s=96&d=mm&r=g\",\"contentUrl\":\"https:\/\/secure.gravatar.com\/avatar\/835e29c7781c12f52a3b2bcad870d1d076c35cfd07194b9f87d4aecba9b93f30?s=96&d=mm&r=g\",\"caption\":\"suportevetta\"},\"url\":\"http:\/\/drasilviacristina.com.br\/index.php\/author\/suportevetta\/\"}]}<\/script>\n<!-- \/ Yoast SEO plugin. -->","yoast_head_json":{"title":"\u00c9 tempo de recome\u00e7ar... - Dra. Silvia Cristina","robots":{"index":"index","follow":"follow","max-snippet":"max-snippet:-1","max-image-preview":"max-image-preview:large","max-video-preview":"max-video-preview:-1"},"canonical":"https:\/\/drasilviacristina.com.br\/index.php\/2014\/03\/26\/e-tempo-de-recomecar\/","og_locale":"pt_BR","og_type":"article","og_title":"\u00c9 tempo de recome\u00e7ar... - Dra. Silvia Cristina","og_description":"Come\u00e7o o blog com essa foto da bel\u00edssima Diane Kruger, atriz alem\u00e3 detentora de uma tez invej\u00e1vel! Perguntada qual o segredo de uma pele t\u00e3o perfeita, imaginem a resposta: \u201cNunca...","og_url":"https:\/\/drasilviacristina.com.br\/index.php\/2014\/03\/26\/e-tempo-de-recomecar\/","og_site_name":"Dra. Silvia Cristina","article_published_time":"2014-03-26T13:43:57+00:00","article_modified_time":"2022-11-23T12:28:04+00:00","og_image":[{"width":1647,"height":1289,"url":"https:\/\/drasilviacristina.com.br\/site2017\/wp-content\/uploads\/2014\/03\/diane-kruger-2.jpg","type":"image\/jpeg"}],"author":"suportevetta","twitter_card":"summary_large_image","twitter_misc":{"Escrito por":"suportevetta","Est. tempo de leitura":"3 minutos"},"schema":{"@context":"https:\/\/schema.org","@graph":[{"@type":"Article","@id":"https:\/\/drasilviacristina.com.br\/index.php\/2014\/03\/26\/e-tempo-de-recomecar\/#article","isPartOf":{"@id":"https:\/\/drasilviacristina.com.br\/index.php\/2014\/03\/26\/e-tempo-de-recomecar\/"},"author":{"name":"suportevetta","@id":"http:\/\/drasilviacristina.com.br\/#\/schema\/person\/f3090181c68e99d5ce632fc48f35b736"},"headline":"\u00c9 tempo de recome\u00e7ar&#8230;","datePublished":"2014-03-26T13:43:57+00:00","dateModified":"2022-11-23T12:28:04+00:00","mainEntityOfPage":{"@id":"https:\/\/drasilviacristina.com.br\/index.php\/2014\/03\/26\/e-tempo-de-recomecar\/"},"wordCount":628,"image":{"@id":"https:\/\/drasilviacristina.com.br\/index.php\/2014\/03\/26\/e-tempo-de-recomecar\/#primaryimage"},"thumbnailUrl":"http:\/\/drasilviacristina.com.br\/site2017\/wp-content\/uploads\/2014\/03\/diane-kruger-2.jpg","keywords":["envelhecimento de pele","espinhas","filtro solar","laser","laser de CO2","luz intensa pulsada","manchas","melasma","oleosidade","rugas"],"articleSection":["Dia a dia","Pele","Tratamentos dermatol\u00f3gicos"],"inLanguage":"pt-BR"},{"@type":"WebPage","@id":"https:\/\/drasilviacristina.com.br\/index.php\/2014\/03\/26\/e-tempo-de-recomecar\/","url":"https:\/\/drasilviacristina.com.br\/index.php\/2014\/03\/26\/e-tempo-de-recomecar\/","name":"\u00c9 tempo de recome\u00e7ar... - Dra. Silvia Cristina","isPartOf":{"@id":"http:\/\/drasilviacristina.com.br\/#website"},"primaryImageOfPage":{"@id":"https:\/\/drasilviacristina.com.br\/index.php\/2014\/03\/26\/e-tempo-de-recomecar\/#primaryimage"},"image":{"@id":"https:\/\/drasilviacristina.com.br\/index.php\/2014\/03\/26\/e-tempo-de-recomecar\/#primaryimage"},"thumbnailUrl":"http:\/\/drasilviacristina.com.br\/site2017\/wp-content\/uploads\/2014\/03\/diane-kruger-2.jpg","datePublished":"2014-03-26T13:43:57+00:00","dateModified":"2022-11-23T12:28:04+00:00","author":{"@id":"http:\/\/drasilviacristina.com.br\/#\/schema\/person\/f3090181c68e99d5ce632fc48f35b736"},"breadcrumb":{"@id":"https:\/\/drasilviacristina.com.br\/index.php\/2014\/03\/26\/e-tempo-de-recomecar\/#breadcrumb"},"inLanguage":"pt-BR","potentialAction":[{"@type":"ReadAction","target":["https:\/\/drasilviacristina.com.br\/index.php\/2014\/03\/26\/e-tempo-de-recomecar\/"]}]},{"@type":"ImageObject","inLanguage":"pt-BR","@id":"https:\/\/drasilviacristina.com.br\/index.php\/2014\/03\/26\/e-tempo-de-recomecar\/#primaryimage","url":"http:\/\/drasilviacristina.com.br\/site2017\/wp-content\/uploads\/2014\/03\/diane-kruger-2.jpg","contentUrl":"http:\/\/drasilviacristina.com.br\/site2017\/wp-content\/uploads\/2014\/03\/diane-kruger-2.jpg","width":1647,"height":1289},{"@type":"BreadcrumbList","@id":"https:\/\/drasilviacristina.com.br\/index.php\/2014\/03\/26\/e-tempo-de-recomecar\/#breadcrumb","itemListElement":[{"@type":"ListItem","position":1,"name":"Home","item":"http:\/\/drasilviacristina.com.br\/"},{"@type":"ListItem","position":2,"name":"\u00c9 tempo de recome\u00e7ar&#8230;"}]},{"@type":"WebSite","@id":"http:\/\/drasilviacristina.com.br\/#website","url":"http:\/\/drasilviacristina.com.br\/","name":"Dra. Silvia Cristina","description":"Dermatologia Cl\u00ednica, Cir\u00fargica e Est\u00e9tica","potentialAction":[{"@type":"SearchAction","target":{"@type":"EntryPoint","urlTemplate":"http:\/\/drasilviacristina.com.br\/?s={search_term_string}"},"query-input":{"@type":"PropertyValueSpecification","valueRequired":true,"valueName":"search_term_string"}}],"inLanguage":"pt-BR"},{"@type":"Person","@id":"http:\/\/drasilviacristina.com.br\/#\/schema\/person\/f3090181c68e99d5ce632fc48f35b736","name":"suportevetta","image":{"@type":"ImageObject","inLanguage":"pt-BR","@id":"http:\/\/drasilviacristina.com.br\/#\/schema\/person\/image\/","url":"https:\/\/secure.gravatar.com\/avatar\/835e29c7781c12f52a3b2bcad870d1d076c35cfd07194b9f87d4aecba9b93f30?s=96&d=mm&r=g","contentUrl":"https:\/\/secure.gravatar.com\/avatar\/835e29c7781c12f52a3b2bcad870d1d076c35cfd07194b9f87d4aecba9b93f30?s=96&d=mm&r=g","caption":"suportevetta"},"url":"http:\/\/drasilviacristina.com.br\/index.php\/author\/suportevetta\/"}]}},"_links":{"self":[{"href":"http:\/\/drasilviacristina.com.br\/index.php\/wp-json\/wp\/v2\/posts\/1178","targetHints":{"allow":["GET"]}}],"collection":[{"href":"http:\/\/drasilviacristina.com.br\/index.php\/wp-json\/wp\/v2\/posts"}],"about":[{"href":"http:\/\/drasilviacristina.com.br\/index.php\/wp-json\/wp\/v2\/types\/post"}],"author":[{"embeddable":true,"href":"http:\/\/drasilviacristina.com.br\/index.php\/wp-json\/wp\/v2\/users\/1"}],"replies":[{"embeddable":true,"href":"http:\/\/drasilviacristina.com.br\/index.php\/wp-json\/wp\/v2\/comments?post=1178"}],"version-history":[{"count":2,"href":"http:\/\/drasilviacristina.com.br\/index.php\/wp-json\/wp\/v2\/posts\/1178\/revisions"}],"predecessor-version":[{"id":10760,"href":"http:\/\/drasilviacristina.com.br\/index.php\/wp-json\/wp\/v2\/posts\/1178\/revisions\/10760"}],"wp:featuredmedia":[{"embeddable":true,"href":"http:\/\/drasilviacristina.com.br\/index.php\/wp-json\/wp\/v2\/media\/10754"}],"wp:attachment":[{"href":"http:\/\/drasilviacristina.com.br\/index.php\/wp-json\/wp\/v2\/media?parent=1178"}],"wp:term":[{"taxonomy":"category","embeddable":true,"href":"http:\/\/drasilviacristina.com.br\/index.php\/wp-json\/wp\/v2\/categories?post=1178"},{"taxonomy":"post_tag","embeddable":true,"href":"http:\/\/drasilviacristina.com.br\/index.php\/wp-json\/wp\/v2\/tags?post=1178"}],"curies":[{"name":"wp","href":"https:\/\/api.w.org\/{rel}","templated":true}]}}