{"id":10735,"date":"2013-04-29T09:26:05","date_gmt":"2013-04-29T12:26:05","guid":{"rendered":"http:\/\/drasilviacristina.com.br\/wpsite\/?p=116"},"modified":"2013-04-29T09:26:05","modified_gmt":"2013-04-29T12:26:05","slug":"assaduras-de-fraldas-em-bebes","status":"publish","type":"post","link":"http:\/\/drasilviacristina.com.br\/index.php\/2013\/04\/29\/assaduras-de-fraldas-em-bebes\/","title":{"rendered":"Assaduras de fraldas em beb\u00eas"},"content":{"rendered":"<style type=\"text\/css\"><\/style><p style=\"text-align: center;\"><a href=\"http:\/\/drasilviacristina.com.br\/wpsite\/wp-content\/uploads\/2013\/04\/bebe_de_fraldas.jpg\"><img loading=\"lazy\" decoding=\"async\" class=\" wp-image-407 aligncenter\" alt=\"bebe_de_fraldas\" src=\"http:\/\/drasilviacristina.com.br\/wpsite\/wp-content\/uploads\/2013\/04\/bebe_de_fraldas-1024x685.jpg\" width=\"614\" height=\"411\" \/><\/a><\/p>\n<p>Gente, eu amooo beb\u00eas! Afinal de contas eu tenho 2! E posso me gabar, eles nuuunca ficaram assados. Voc\u00ea deve estar pensando: \u201cmas \u00e9 claro! Ela \u00e9 Dermatologista! Sabe e usa os melhores produtos \u2013 supermaster tudo, n\u00e3o \u00e9 mesmo?\u201d Olha, o segredo \u00e9 mais simples que voc\u00eas imaginam. Primeiro de tudo a saber \u00e9 que a pele de um beb\u00ea, principalmente, de um rec\u00e9m-nascido \u00e9 extremamente fina, ainda em forma\u00e7\u00e3o \u2013 mesmo depois do nascimento \u2013 e, por isso, absorve com muita facilidade componentes qu\u00edmicos irritantes presentes na urina e fezes.<\/p>\n<p>Ent\u00e3o, aqui \u00e9 que est\u00e1 o primeiro erro: \u201cvamos dar banho no beb\u00ea (3, 4, 5 vezes ao dia) para limpar direito essa cocozeira com xixi\u201d \u2013 aten\u00e7\u00e3o mam\u00e3es e papais! Toda vez que se lava demais a pele do beb\u00ea voc\u00ea retira o m\u00ednimo de prote\u00e7\u00e3o natural existente na barreira cut\u00e2nea, modifica o ph, favorece a prolifera\u00e7\u00e3o bacteriana, o ressecamento da pele e com isso a penetra\u00e7\u00e3o de subst\u00e2ncias irritantes levando ao quadro de dermatite das fraldas = assadura. O segundo erro comun\u00edssimo \u00e9 o uso de len\u00e7os umedecidos para a higieniza\u00e7\u00e3o da pele toda vez que se troca as fraldas. Estes ing\u00eanuos e cheirosinhos lencinhos cont\u00eam diversas subst\u00e2ncias qu\u00edmicas extremamente irritantes e al\u00e9rgenas, portanto recomendo o seu uso em situa\u00e7\u00f5es emergenciais, tipo: passeio no shopping, na casa da av\u00f3\/tia\/padrinho\/primo\/etc, durante viagens, na visita ao m\u00e9dico&#8230;<\/p>\n<p>Ent\u00e3o, o que fazer? A limpeza da pele \u00e0s trocas de fraldas deve ser feita com algod\u00e3o levemente umedecido ( n\u00e3o \u00e9 encharcado, t\u00e1?) com \u00e1gua filtrada (e fervida, no caso dos rec\u00e9m-nascidos) \u00a0e \u00f3leo (de prefer\u00eancia mineral) \u2013 s\u00f3! Mesmo que o coc\u00f4 seja gigante e vai at\u00e9 as costas hehehe \u2013 eu sei que isso acontece! Por isso compre um pote de pl\u00e1stico ou de vidro (melhor ainda) e j\u00e1 deixe tudo montado. Depois, com uma toalhinha\/fraldinha\/babinha, enfim, limpe e seque totalmente a regi\u00e3o. Por fim, aplique o creme protetor recomendado. Mas, se o bumbum do seu nen\u00e9m j\u00e1 assou&#8230; Primeiro: banho de sol por at\u00e9 10 minutos na regi\u00e3o diariamente: os raios solares t\u00eam a\u00e7\u00e3o anti-inflamat\u00f3ria, elimina a umidade local e ajuda na cicatriza\u00e7\u00e3o da pele. Segundo, limpe como recomendado e troque as fraldas sempre que o beb\u00ea fizer xixi ou coc\u00f4, n\u00e3o o deixe \u00famido. Terceiro, leve seu filho ao Pediatra ou Dermatologista para excluir infec\u00e7\u00e3o bacteriana ou f\u00fangica associada. Ent\u00e3o meus amores, amar \u00e9 cuidar. A vida pede caminhos simples e f\u00e1ceis, porque ent\u00e3o complicar, n\u00e9?<\/p>\n<p>Bjs!<\/p>\n<p>&nbsp;<\/p>\n","protected":false},"excerpt":{"rendered":"<p>Gente, eu amooo beb\u00eas! Afinal de contas eu tenho 2! E posso me gabar, eles nuuunca ficaram assados. Voc\u00ea deve estar pensando: \u201cmas \u00e9 claro! Ela \u00e9 Dermatologista! Sabe e&#8230;<\/p>\n","protected":false},"author":1,"featured_media":407,"comment_status":"open","ping_status":"open","sticky":false,"template":"","format":"standard","meta":{"footnotes":""},"categories":[53,54],"tags":[51,52,55,56],"class_list":["post-10735","post","type-post","status-publish","format-standard","has-post-thumbnail","hentry","category-mae","category-derma-baby","tag-assaduras","tag-bebes","tag-dermatite-de-fraldas","tag-oleo-mineral"],"yoast_head":"<!-- This site is optimized with the Yoast SEO plugin v26.8 - https:\/\/yoast.com\/product\/yoast-seo-wordpress\/ -->\n<title>Assaduras de fraldas em beb\u00eas - Dra. Silvia Cristina<\/title>\n<meta name=\"robots\" content=\"index, follow, max-snippet:-1, max-image-preview:large, max-video-preview:-1\" \/>\n<link rel=\"canonical\" href=\"http:\/\/drasilviacristina.com.br\/index.php\/2013\/04\/29\/assaduras-de-fraldas-em-bebes\/\" \/>\n<meta property=\"og:locale\" content=\"pt_BR\" \/>\n<meta property=\"og:type\" content=\"article\" \/>\n<meta property=\"og:title\" content=\"Assaduras de fraldas em beb\u00eas - Dra. Silvia Cristina\" \/>\n<meta property=\"og:description\" content=\"Gente, eu amooo beb\u00eas! Afinal de contas eu tenho 2! E posso me gabar, eles nuuunca ficaram assados. Voc\u00ea deve estar pensando: \u201cmas \u00e9 claro! Ela \u00e9 Dermatologista! Sabe e...\" \/>\n<meta property=\"og:url\" content=\"http:\/\/drasilviacristina.com.br\/index.php\/2013\/04\/29\/assaduras-de-fraldas-em-bebes\/\" \/>\n<meta property=\"og:site_name\" content=\"Dra. Silvia Cristina\" \/>\n<meta property=\"article:published_time\" content=\"2013-04-29T12:26:05+00:00\" \/>\n<meta name=\"author\" content=\"suportevetta\" \/>\n<meta name=\"twitter:card\" content=\"summary_large_image\" \/>\n<meta name=\"twitter:label1\" content=\"Escrito por\" \/>\n\t<meta name=\"twitter:data1\" content=\"suportevetta\" \/>\n\t<meta name=\"twitter:label2\" content=\"Est. tempo de leitura\" \/>\n\t<meta name=\"twitter:data2\" content=\"2 minutos\" \/>\n<script type=\"application\/ld+json\" class=\"yoast-schema-graph\">{\"@context\":\"https:\/\/schema.org\",\"@graph\":[{\"@type\":\"Article\",\"@id\":\"http:\/\/drasilviacristina.com.br\/index.php\/2013\/04\/29\/assaduras-de-fraldas-em-bebes\/#article\",\"isPartOf\":{\"@id\":\"http:\/\/drasilviacristina.com.br\/index.php\/2013\/04\/29\/assaduras-de-fraldas-em-bebes\/\"},\"author\":{\"name\":\"suportevetta\",\"@id\":\"http:\/\/drasilviacristina.com.br\/#\/schema\/person\/f3090181c68e99d5ce632fc48f35b736\"},\"headline\":\"Assaduras de fraldas em beb\u00eas\",\"datePublished\":\"2013-04-29T12:26:05+00:00\",\"mainEntityOfPage\":{\"@id\":\"http:\/\/drasilviacristina.com.br\/index.php\/2013\/04\/29\/assaduras-de-fraldas-em-bebes\/\"},\"wordCount\":445,\"commentCount\":0,\"image\":{\"@id\":\"http:\/\/drasilviacristina.com.br\/index.php\/2013\/04\/29\/assaduras-de-fraldas-em-bebes\/#primaryimage\"},\"thumbnailUrl\":\"\",\"keywords\":[\"assaduras\",\"beb\u00eas\",\"dermatite de fraldas\",\"\u00f3leo mineral\"],\"articleSection\":[\"De m\u00e3e para m\u00e3e\",\"Derma Baby\"],\"inLanguage\":\"pt-BR\",\"potentialAction\":[{\"@type\":\"CommentAction\",\"name\":\"Comment\",\"target\":[\"http:\/\/drasilviacristina.com.br\/index.php\/2013\/04\/29\/assaduras-de-fraldas-em-bebes\/#respond\"]}]},{\"@type\":\"WebPage\",\"@id\":\"http:\/\/drasilviacristina.com.br\/index.php\/2013\/04\/29\/assaduras-de-fraldas-em-bebes\/\",\"url\":\"http:\/\/drasilviacristina.com.br\/index.php\/2013\/04\/29\/assaduras-de-fraldas-em-bebes\/\",\"name\":\"Assaduras de fraldas em beb\u00eas - Dra. Silvia Cristina\",\"isPartOf\":{\"@id\":\"http:\/\/drasilviacristina.com.br\/#website\"},\"primaryImageOfPage\":{\"@id\":\"http:\/\/drasilviacristina.com.br\/index.php\/2013\/04\/29\/assaduras-de-fraldas-em-bebes\/#primaryimage\"},\"image\":{\"@id\":\"http:\/\/drasilviacristina.com.br\/index.php\/2013\/04\/29\/assaduras-de-fraldas-em-bebes\/#primaryimage\"},\"thumbnailUrl\":\"\",\"datePublished\":\"2013-04-29T12:26:05+00:00\",\"author\":{\"@id\":\"http:\/\/drasilviacristina.com.br\/#\/schema\/person\/f3090181c68e99d5ce632fc48f35b736\"},\"breadcrumb\":{\"@id\":\"http:\/\/drasilviacristina.com.br\/index.php\/2013\/04\/29\/assaduras-de-fraldas-em-bebes\/#breadcrumb\"},\"inLanguage\":\"pt-BR\",\"potentialAction\":[{\"@type\":\"ReadAction\",\"target\":[\"http:\/\/drasilviacristina.com.br\/index.php\/2013\/04\/29\/assaduras-de-fraldas-em-bebes\/\"]}]},{\"@type\":\"ImageObject\",\"inLanguage\":\"pt-BR\",\"@id\":\"http:\/\/drasilviacristina.com.br\/index.php\/2013\/04\/29\/assaduras-de-fraldas-em-bebes\/#primaryimage\",\"url\":\"\",\"contentUrl\":\"\"},{\"@type\":\"BreadcrumbList\",\"@id\":\"http:\/\/drasilviacristina.com.br\/index.php\/2013\/04\/29\/assaduras-de-fraldas-em-bebes\/#breadcrumb\",\"itemListElement\":[{\"@type\":\"ListItem\",\"position\":1,\"name\":\"Home\",\"item\":\"http:\/\/drasilviacristina.com.br\/\"},{\"@type\":\"ListItem\",\"position\":2,\"name\":\"Assaduras de fraldas em beb\u00eas\"}]},{\"@type\":\"WebSite\",\"@id\":\"http:\/\/drasilviacristina.com.br\/#website\",\"url\":\"http:\/\/drasilviacristina.com.br\/\",\"name\":\"Dra. Silvia Cristina\",\"description\":\"Dermatologia Cl\u00ednica, Cir\u00fargica e Est\u00e9tica\",\"potentialAction\":[{\"@type\":\"SearchAction\",\"target\":{\"@type\":\"EntryPoint\",\"urlTemplate\":\"http:\/\/drasilviacristina.com.br\/?s={search_term_string}\"},\"query-input\":{\"@type\":\"PropertyValueSpecification\",\"valueRequired\":true,\"valueName\":\"search_term_string\"}}],\"inLanguage\":\"pt-BR\"},{\"@type\":\"Person\",\"@id\":\"http:\/\/drasilviacristina.com.br\/#\/schema\/person\/f3090181c68e99d5ce632fc48f35b736\",\"name\":\"suportevetta\",\"image\":{\"@type\":\"ImageObject\",\"inLanguage\":\"pt-BR\",\"@id\":\"http:\/\/drasilviacristina.com.br\/#\/schema\/person\/image\/\",\"url\":\"https:\/\/secure.gravatar.com\/avatar\/835e29c7781c12f52a3b2bcad870d1d076c35cfd07194b9f87d4aecba9b93f30?s=96&d=mm&r=g\",\"contentUrl\":\"https:\/\/secure.gravatar.com\/avatar\/835e29c7781c12f52a3b2bcad870d1d076c35cfd07194b9f87d4aecba9b93f30?s=96&d=mm&r=g\",\"caption\":\"suportevetta\"},\"url\":\"http:\/\/drasilviacristina.com.br\/index.php\/author\/suportevetta\/\"}]}<\/script>\n<!-- \/ Yoast SEO plugin. -->","yoast_head_json":{"title":"Assaduras de fraldas em beb\u00eas - Dra. Silvia Cristina","robots":{"index":"index","follow":"follow","max-snippet":"max-snippet:-1","max-image-preview":"max-image-preview:large","max-video-preview":"max-video-preview:-1"},"canonical":"http:\/\/drasilviacristina.com.br\/index.php\/2013\/04\/29\/assaduras-de-fraldas-em-bebes\/","og_locale":"pt_BR","og_type":"article","og_title":"Assaduras de fraldas em beb\u00eas - Dra. Silvia Cristina","og_description":"Gente, eu amooo beb\u00eas! Afinal de contas eu tenho 2! E posso me gabar, eles nuuunca ficaram assados. Voc\u00ea deve estar pensando: \u201cmas \u00e9 claro! Ela \u00e9 Dermatologista! Sabe e...","og_url":"http:\/\/drasilviacristina.com.br\/index.php\/2013\/04\/29\/assaduras-de-fraldas-em-bebes\/","og_site_name":"Dra. Silvia Cristina","article_published_time":"2013-04-29T12:26:05+00:00","author":"suportevetta","twitter_card":"summary_large_image","twitter_misc":{"Escrito por":"suportevetta","Est. tempo de leitura":"2 minutos"},"schema":{"@context":"https:\/\/schema.org","@graph":[{"@type":"Article","@id":"http:\/\/drasilviacristina.com.br\/index.php\/2013\/04\/29\/assaduras-de-fraldas-em-bebes\/#article","isPartOf":{"@id":"http:\/\/drasilviacristina.com.br\/index.php\/2013\/04\/29\/assaduras-de-fraldas-em-bebes\/"},"author":{"name":"suportevetta","@id":"http:\/\/drasilviacristina.com.br\/#\/schema\/person\/f3090181c68e99d5ce632fc48f35b736"},"headline":"Assaduras de fraldas em beb\u00eas","datePublished":"2013-04-29T12:26:05+00:00","mainEntityOfPage":{"@id":"http:\/\/drasilviacristina.com.br\/index.php\/2013\/04\/29\/assaduras-de-fraldas-em-bebes\/"},"wordCount":445,"commentCount":0,"image":{"@id":"http:\/\/drasilviacristina.com.br\/index.php\/2013\/04\/29\/assaduras-de-fraldas-em-bebes\/#primaryimage"},"thumbnailUrl":"","keywords":["assaduras","beb\u00eas","dermatite de fraldas","\u00f3leo mineral"],"articleSection":["De m\u00e3e para m\u00e3e","Derma Baby"],"inLanguage":"pt-BR","potentialAction":[{"@type":"CommentAction","name":"Comment","target":["http:\/\/drasilviacristina.com.br\/index.php\/2013\/04\/29\/assaduras-de-fraldas-em-bebes\/#respond"]}]},{"@type":"WebPage","@id":"http:\/\/drasilviacristina.com.br\/index.php\/2013\/04\/29\/assaduras-de-fraldas-em-bebes\/","url":"http:\/\/drasilviacristina.com.br\/index.php\/2013\/04\/29\/assaduras-de-fraldas-em-bebes\/","name":"Assaduras de fraldas em beb\u00eas - Dra. Silvia Cristina","isPartOf":{"@id":"http:\/\/drasilviacristina.com.br\/#website"},"primaryImageOfPage":{"@id":"http:\/\/drasilviacristina.com.br\/index.php\/2013\/04\/29\/assaduras-de-fraldas-em-bebes\/#primaryimage"},"image":{"@id":"http:\/\/drasilviacristina.com.br\/index.php\/2013\/04\/29\/assaduras-de-fraldas-em-bebes\/#primaryimage"},"thumbnailUrl":"","datePublished":"2013-04-29T12:26:05+00:00","author":{"@id":"http:\/\/drasilviacristina.com.br\/#\/schema\/person\/f3090181c68e99d5ce632fc48f35b736"},"breadcrumb":{"@id":"http:\/\/drasilviacristina.com.br\/index.php\/2013\/04\/29\/assaduras-de-fraldas-em-bebes\/#breadcrumb"},"inLanguage":"pt-BR","potentialAction":[{"@type":"ReadAction","target":["http:\/\/drasilviacristina.com.br\/index.php\/2013\/04\/29\/assaduras-de-fraldas-em-bebes\/"]}]},{"@type":"ImageObject","inLanguage":"pt-BR","@id":"http:\/\/drasilviacristina.com.br\/index.php\/2013\/04\/29\/assaduras-de-fraldas-em-bebes\/#primaryimage","url":"","contentUrl":""},{"@type":"BreadcrumbList","@id":"http:\/\/drasilviacristina.com.br\/index.php\/2013\/04\/29\/assaduras-de-fraldas-em-bebes\/#breadcrumb","itemListElement":[{"@type":"ListItem","position":1,"name":"Home","item":"http:\/\/drasilviacristina.com.br\/"},{"@type":"ListItem","position":2,"name":"Assaduras de fraldas em beb\u00eas"}]},{"@type":"WebSite","@id":"http:\/\/drasilviacristina.com.br\/#website","url":"http:\/\/drasilviacristina.com.br\/","name":"Dra. Silvia Cristina","description":"Dermatologia Cl\u00ednica, Cir\u00fargica e Est\u00e9tica","potentialAction":[{"@type":"SearchAction","target":{"@type":"EntryPoint","urlTemplate":"http:\/\/drasilviacristina.com.br\/?s={search_term_string}"},"query-input":{"@type":"PropertyValueSpecification","valueRequired":true,"valueName":"search_term_string"}}],"inLanguage":"pt-BR"},{"@type":"Person","@id":"http:\/\/drasilviacristina.com.br\/#\/schema\/person\/f3090181c68e99d5ce632fc48f35b736","name":"suportevetta","image":{"@type":"ImageObject","inLanguage":"pt-BR","@id":"http:\/\/drasilviacristina.com.br\/#\/schema\/person\/image\/","url":"https:\/\/secure.gravatar.com\/avatar\/835e29c7781c12f52a3b2bcad870d1d076c35cfd07194b9f87d4aecba9b93f30?s=96&d=mm&r=g","contentUrl":"https:\/\/secure.gravatar.com\/avatar\/835e29c7781c12f52a3b2bcad870d1d076c35cfd07194b9f87d4aecba9b93f30?s=96&d=mm&r=g","caption":"suportevetta"},"url":"http:\/\/drasilviacristina.com.br\/index.php\/author\/suportevetta\/"}]}},"_links":{"self":[{"href":"http:\/\/drasilviacristina.com.br\/index.php\/wp-json\/wp\/v2\/posts\/10735","targetHints":{"allow":["GET"]}}],"collection":[{"href":"http:\/\/drasilviacristina.com.br\/index.php\/wp-json\/wp\/v2\/posts"}],"about":[{"href":"http:\/\/drasilviacristina.com.br\/index.php\/wp-json\/wp\/v2\/types\/post"}],"author":[{"embeddable":true,"href":"http:\/\/drasilviacristina.com.br\/index.php\/wp-json\/wp\/v2\/users\/1"}],"replies":[{"embeddable":true,"href":"http:\/\/drasilviacristina.com.br\/index.php\/wp-json\/wp\/v2\/comments?post=10735"}],"version-history":[{"count":0,"href":"http:\/\/drasilviacristina.com.br\/index.php\/wp-json\/wp\/v2\/posts\/10735\/revisions"}],"wp:featuredmedia":[{"embeddable":true,"href":"http:\/\/drasilviacristina.com.br\/index.php\/wp-json\/"}],"wp:attachment":[{"href":"http:\/\/drasilviacristina.com.br\/index.php\/wp-json\/wp\/v2\/media?parent=10735"}],"wp:term":[{"taxonomy":"category","embeddable":true,"href":"http:\/\/drasilviacristina.com.br\/index.php\/wp-json\/wp\/v2\/categories?post=10735"},{"taxonomy":"post_tag","embeddable":true,"href":"http:\/\/drasilviacristina.com.br\/index.php\/wp-json\/wp\/v2\/tags?post=10735"}],"curies":[{"name":"wp","href":"https:\/\/api.w.org\/{rel}","templated":true}]}}