{"id":10599,"date":"2017-07-16T17:23:09","date_gmt":"2017-07-16T20:23:09","guid":{"rendered":"http:\/\/drasilviacristina.com.br\/site2017\/?p=10599"},"modified":"2022-11-23T09:27:27","modified_gmt":"2022-11-23T12:27:27","slug":"orientacao-para-protecao-solar","status":"publish","type":"post","link":"http:\/\/drasilviacristina.com.br\/index.php\/2017\/07\/16\/orientacao-para-protecao-solar\/","title":{"rendered":"Orienta\u00e7\u00e3o para a Prote\u00e7\u00e3o Solar"},"content":{"rendered":"<style type=\"text\/css\"><\/style><p>Voc\u00ea sabia que s\u00f3 no ano de 2016, de acordo com o INCA, houveram cerca de 175 mil novos casos de c\u00e2ncer de pele no Brasil.<br \/>\nPrevenir-se do c\u00e2ncer de pele mais incidente no pa\u00eds \u00e9 simples:<br \/>\n&#8211; Use protetor solar diariamente com FPS &gt; 30, inclusive nas peles negras;<br \/>\n&#8211; Use chap\u00e9us e \u00f3culos escuros;<br \/>\n&#8211; Evite o sol das 10h \u00e0s 16h;<br \/>\n&#8211; Roupas com prote\u00e7\u00e3o solar UV auxiliam muito nos hor\u00e1rios de maior incid\u00eancia de raios solares;<br \/>\n&#8211; Reaplique o filtro a cada 2 horas;<br \/>\n&#8211; O uso de filtro solar \u00e9 recomendado para beb\u00eas acima de 6 meses, antes de per\u00edodo evitar os hor\u00e1rios de risco e usar roupas adequadas;<br \/>\n&#8211; Se for passar repelente, primeiro passe o filtro solar depois o repelente<\/p>\n","protected":false},"excerpt":{"rendered":"<p>Voc\u00ea sabia que s\u00f3 no ano de 2016, de acordo com o INCA, houveram cerca de 175 mil novos casos de c\u00e2ncer de pele no Brasil. Prevenir-se do c\u00e2ncer de&#8230;<\/p>\n","protected":false},"author":1,"featured_media":10588,"comment_status":"closed","ping_status":"closed","sticky":false,"template":"","format":"standard","meta":{"footnotes":""},"categories":[25,28],"tags":[],"class_list":["post-10599","post","type-post","status-publish","format-standard","has-post-thumbnail","hentry","category-dicas","category-sol"],"yoast_head":"<!-- This site is optimized with the Yoast SEO plugin v26.8 - https:\/\/yoast.com\/product\/yoast-seo-wordpress\/ -->\n<title>Orienta\u00e7\u00e3o para a Prote\u00e7\u00e3o Solar - Dra. Silvia Cristina<\/title>\n<meta name=\"robots\" content=\"index, follow, max-snippet:-1, max-image-preview:large, max-video-preview:-1\" \/>\n<link rel=\"canonical\" href=\"https:\/\/drasilviacristina.com.br\/index.php\/2017\/07\/16\/orientacao-para-protecao-solar\/\" \/>\n<meta property=\"og:locale\" content=\"pt_BR\" \/>\n<meta property=\"og:type\" content=\"article\" \/>\n<meta property=\"og:title\" content=\"Orienta\u00e7\u00e3o para a Prote\u00e7\u00e3o Solar - Dra. Silvia Cristina\" \/>\n<meta property=\"og:description\" content=\"Voc\u00ea sabia que s\u00f3 no ano de 2016, de acordo com o INCA, houveram cerca de 175 mil novos casos de c\u00e2ncer de pele no Brasil. Prevenir-se do c\u00e2ncer de...\" \/>\n<meta property=\"og:url\" content=\"https:\/\/drasilviacristina.com.br\/index.php\/2017\/07\/16\/orientacao-para-protecao-solar\/\" \/>\n<meta property=\"og:site_name\" content=\"Dra. Silvia Cristina\" \/>\n<meta property=\"article:published_time\" content=\"2017-07-16T20:23:09+00:00\" \/>\n<meta property=\"article:modified_time\" content=\"2022-11-23T12:27:27+00:00\" \/>\n<meta property=\"og:image\" content=\"https:\/\/drasilviacristina.com.br\/site2017\/wp-content\/uploads\/2017\/07\/shutterstock_414467395_menor.jpg\" \/>\n\t<meta property=\"og:image:width\" content=\"900\" \/>\n\t<meta property=\"og:image:height\" content=\"600\" \/>\n\t<meta property=\"og:image:type\" content=\"image\/jpeg\" \/>\n<meta name=\"author\" content=\"suportevetta\" \/>\n<meta name=\"twitter:card\" content=\"summary_large_image\" \/>\n<meta name=\"twitter:label1\" content=\"Escrito por\" \/>\n\t<meta name=\"twitter:data1\" content=\"suportevetta\" \/>\n\t<meta name=\"twitter:label2\" content=\"Est. tempo de leitura\" \/>\n\t<meta name=\"twitter:data2\" content=\"1 minuto\" \/>\n<script type=\"application\/ld+json\" class=\"yoast-schema-graph\">{\"@context\":\"https:\/\/schema.org\",\"@graph\":[{\"@type\":\"Article\",\"@id\":\"https:\/\/drasilviacristina.com.br\/index.php\/2017\/07\/16\/orientacao-para-protecao-solar\/#article\",\"isPartOf\":{\"@id\":\"https:\/\/drasilviacristina.com.br\/index.php\/2017\/07\/16\/orientacao-para-protecao-solar\/\"},\"author\":{\"name\":\"suportevetta\",\"@id\":\"http:\/\/drasilviacristina.com.br\/#\/schema\/person\/f3090181c68e99d5ce632fc48f35b736\"},\"headline\":\"Orienta\u00e7\u00e3o para a Prote\u00e7\u00e3o Solar\",\"datePublished\":\"2017-07-16T20:23:09+00:00\",\"dateModified\":\"2022-11-23T12:27:27+00:00\",\"mainEntityOfPage\":{\"@id\":\"https:\/\/drasilviacristina.com.br\/index.php\/2017\/07\/16\/orientacao-para-protecao-solar\/\"},\"wordCount\":137,\"image\":{\"@id\":\"https:\/\/drasilviacristina.com.br\/index.php\/2017\/07\/16\/orientacao-para-protecao-solar\/#primaryimage\"},\"thumbnailUrl\":\"http:\/\/drasilviacristina.com.br\/site2017\/wp-content\/uploads\/2017\/07\/shutterstock_414467395_menor.jpg\",\"articleSection\":[\"Dicas\",\"Sol\"],\"inLanguage\":\"pt-BR\"},{\"@type\":\"WebPage\",\"@id\":\"https:\/\/drasilviacristina.com.br\/index.php\/2017\/07\/16\/orientacao-para-protecao-solar\/\",\"url\":\"https:\/\/drasilviacristina.com.br\/index.php\/2017\/07\/16\/orientacao-para-protecao-solar\/\",\"name\":\"Orienta\u00e7\u00e3o para a Prote\u00e7\u00e3o Solar - Dra. Silvia Cristina\",\"isPartOf\":{\"@id\":\"http:\/\/drasilviacristina.com.br\/#website\"},\"primaryImageOfPage\":{\"@id\":\"https:\/\/drasilviacristina.com.br\/index.php\/2017\/07\/16\/orientacao-para-protecao-solar\/#primaryimage\"},\"image\":{\"@id\":\"https:\/\/drasilviacristina.com.br\/index.php\/2017\/07\/16\/orientacao-para-protecao-solar\/#primaryimage\"},\"thumbnailUrl\":\"http:\/\/drasilviacristina.com.br\/site2017\/wp-content\/uploads\/2017\/07\/shutterstock_414467395_menor.jpg\",\"datePublished\":\"2017-07-16T20:23:09+00:00\",\"dateModified\":\"2022-11-23T12:27:27+00:00\",\"author\":{\"@id\":\"http:\/\/drasilviacristina.com.br\/#\/schema\/person\/f3090181c68e99d5ce632fc48f35b736\"},\"breadcrumb\":{\"@id\":\"https:\/\/drasilviacristina.com.br\/index.php\/2017\/07\/16\/orientacao-para-protecao-solar\/#breadcrumb\"},\"inLanguage\":\"pt-BR\",\"potentialAction\":[{\"@type\":\"ReadAction\",\"target\":[\"https:\/\/drasilviacristina.com.br\/index.php\/2017\/07\/16\/orientacao-para-protecao-solar\/\"]}]},{\"@type\":\"ImageObject\",\"inLanguage\":\"pt-BR\",\"@id\":\"https:\/\/drasilviacristina.com.br\/index.php\/2017\/07\/16\/orientacao-para-protecao-solar\/#primaryimage\",\"url\":\"http:\/\/drasilviacristina.com.br\/site2017\/wp-content\/uploads\/2017\/07\/shutterstock_414467395_menor.jpg\",\"contentUrl\":\"http:\/\/drasilviacristina.com.br\/site2017\/wp-content\/uploads\/2017\/07\/shutterstock_414467395_menor.jpg\",\"width\":900,\"height\":600},{\"@type\":\"BreadcrumbList\",\"@id\":\"https:\/\/drasilviacristina.com.br\/index.php\/2017\/07\/16\/orientacao-para-protecao-solar\/#breadcrumb\",\"itemListElement\":[{\"@type\":\"ListItem\",\"position\":1,\"name\":\"Home\",\"item\":\"http:\/\/drasilviacristina.com.br\/\"},{\"@type\":\"ListItem\",\"position\":2,\"name\":\"Orienta\u00e7\u00e3o para a Prote\u00e7\u00e3o Solar\"}]},{\"@type\":\"WebSite\",\"@id\":\"http:\/\/drasilviacristina.com.br\/#website\",\"url\":\"http:\/\/drasilviacristina.com.br\/\",\"name\":\"Dra. Silvia Cristina\",\"description\":\"Dermatologia Cl\u00ednica, Cir\u00fargica e Est\u00e9tica\",\"potentialAction\":[{\"@type\":\"SearchAction\",\"target\":{\"@type\":\"EntryPoint\",\"urlTemplate\":\"http:\/\/drasilviacristina.com.br\/?s={search_term_string}\"},\"query-input\":{\"@type\":\"PropertyValueSpecification\",\"valueRequired\":true,\"valueName\":\"search_term_string\"}}],\"inLanguage\":\"pt-BR\"},{\"@type\":\"Person\",\"@id\":\"http:\/\/drasilviacristina.com.br\/#\/schema\/person\/f3090181c68e99d5ce632fc48f35b736\",\"name\":\"suportevetta\",\"image\":{\"@type\":\"ImageObject\",\"inLanguage\":\"pt-BR\",\"@id\":\"http:\/\/drasilviacristina.com.br\/#\/schema\/person\/image\/\",\"url\":\"https:\/\/secure.gravatar.com\/avatar\/835e29c7781c12f52a3b2bcad870d1d076c35cfd07194b9f87d4aecba9b93f30?s=96&d=mm&r=g\",\"contentUrl\":\"https:\/\/secure.gravatar.com\/avatar\/835e29c7781c12f52a3b2bcad870d1d076c35cfd07194b9f87d4aecba9b93f30?s=96&d=mm&r=g\",\"caption\":\"suportevetta\"},\"url\":\"http:\/\/drasilviacristina.com.br\/index.php\/author\/suportevetta\/\"}]}<\/script>\n<!-- \/ Yoast SEO plugin. -->","yoast_head_json":{"title":"Orienta\u00e7\u00e3o para a Prote\u00e7\u00e3o Solar - Dra. Silvia Cristina","robots":{"index":"index","follow":"follow","max-snippet":"max-snippet:-1","max-image-preview":"max-image-preview:large","max-video-preview":"max-video-preview:-1"},"canonical":"https:\/\/drasilviacristina.com.br\/index.php\/2017\/07\/16\/orientacao-para-protecao-solar\/","og_locale":"pt_BR","og_type":"article","og_title":"Orienta\u00e7\u00e3o para a Prote\u00e7\u00e3o Solar - Dra. Silvia Cristina","og_description":"Voc\u00ea sabia que s\u00f3 no ano de 2016, de acordo com o INCA, houveram cerca de 175 mil novos casos de c\u00e2ncer de pele no Brasil. Prevenir-se do c\u00e2ncer de...","og_url":"https:\/\/drasilviacristina.com.br\/index.php\/2017\/07\/16\/orientacao-para-protecao-solar\/","og_site_name":"Dra. Silvia Cristina","article_published_time":"2017-07-16T20:23:09+00:00","article_modified_time":"2022-11-23T12:27:27+00:00","og_image":[{"width":900,"height":600,"url":"https:\/\/drasilviacristina.com.br\/site2017\/wp-content\/uploads\/2017\/07\/shutterstock_414467395_menor.jpg","type":"image\/jpeg"}],"author":"suportevetta","twitter_card":"summary_large_image","twitter_misc":{"Escrito por":"suportevetta","Est. tempo de leitura":"1 minuto"},"schema":{"@context":"https:\/\/schema.org","@graph":[{"@type":"Article","@id":"https:\/\/drasilviacristina.com.br\/index.php\/2017\/07\/16\/orientacao-para-protecao-solar\/#article","isPartOf":{"@id":"https:\/\/drasilviacristina.com.br\/index.php\/2017\/07\/16\/orientacao-para-protecao-solar\/"},"author":{"name":"suportevetta","@id":"http:\/\/drasilviacristina.com.br\/#\/schema\/person\/f3090181c68e99d5ce632fc48f35b736"},"headline":"Orienta\u00e7\u00e3o para a Prote\u00e7\u00e3o Solar","datePublished":"2017-07-16T20:23:09+00:00","dateModified":"2022-11-23T12:27:27+00:00","mainEntityOfPage":{"@id":"https:\/\/drasilviacristina.com.br\/index.php\/2017\/07\/16\/orientacao-para-protecao-solar\/"},"wordCount":137,"image":{"@id":"https:\/\/drasilviacristina.com.br\/index.php\/2017\/07\/16\/orientacao-para-protecao-solar\/#primaryimage"},"thumbnailUrl":"http:\/\/drasilviacristina.com.br\/site2017\/wp-content\/uploads\/2017\/07\/shutterstock_414467395_menor.jpg","articleSection":["Dicas","Sol"],"inLanguage":"pt-BR"},{"@type":"WebPage","@id":"https:\/\/drasilviacristina.com.br\/index.php\/2017\/07\/16\/orientacao-para-protecao-solar\/","url":"https:\/\/drasilviacristina.com.br\/index.php\/2017\/07\/16\/orientacao-para-protecao-solar\/","name":"Orienta\u00e7\u00e3o para a Prote\u00e7\u00e3o Solar - Dra. Silvia Cristina","isPartOf":{"@id":"http:\/\/drasilviacristina.com.br\/#website"},"primaryImageOfPage":{"@id":"https:\/\/drasilviacristina.com.br\/index.php\/2017\/07\/16\/orientacao-para-protecao-solar\/#primaryimage"},"image":{"@id":"https:\/\/drasilviacristina.com.br\/index.php\/2017\/07\/16\/orientacao-para-protecao-solar\/#primaryimage"},"thumbnailUrl":"http:\/\/drasilviacristina.com.br\/site2017\/wp-content\/uploads\/2017\/07\/shutterstock_414467395_menor.jpg","datePublished":"2017-07-16T20:23:09+00:00","dateModified":"2022-11-23T12:27:27+00:00","author":{"@id":"http:\/\/drasilviacristina.com.br\/#\/schema\/person\/f3090181c68e99d5ce632fc48f35b736"},"breadcrumb":{"@id":"https:\/\/drasilviacristina.com.br\/index.php\/2017\/07\/16\/orientacao-para-protecao-solar\/#breadcrumb"},"inLanguage":"pt-BR","potentialAction":[{"@type":"ReadAction","target":["https:\/\/drasilviacristina.com.br\/index.php\/2017\/07\/16\/orientacao-para-protecao-solar\/"]}]},{"@type":"ImageObject","inLanguage":"pt-BR","@id":"https:\/\/drasilviacristina.com.br\/index.php\/2017\/07\/16\/orientacao-para-protecao-solar\/#primaryimage","url":"http:\/\/drasilviacristina.com.br\/site2017\/wp-content\/uploads\/2017\/07\/shutterstock_414467395_menor.jpg","contentUrl":"http:\/\/drasilviacristina.com.br\/site2017\/wp-content\/uploads\/2017\/07\/shutterstock_414467395_menor.jpg","width":900,"height":600},{"@type":"BreadcrumbList","@id":"https:\/\/drasilviacristina.com.br\/index.php\/2017\/07\/16\/orientacao-para-protecao-solar\/#breadcrumb","itemListElement":[{"@type":"ListItem","position":1,"name":"Home","item":"http:\/\/drasilviacristina.com.br\/"},{"@type":"ListItem","position":2,"name":"Orienta\u00e7\u00e3o para a Prote\u00e7\u00e3o Solar"}]},{"@type":"WebSite","@id":"http:\/\/drasilviacristina.com.br\/#website","url":"http:\/\/drasilviacristina.com.br\/","name":"Dra. Silvia Cristina","description":"Dermatologia Cl\u00ednica, Cir\u00fargica e Est\u00e9tica","potentialAction":[{"@type":"SearchAction","target":{"@type":"EntryPoint","urlTemplate":"http:\/\/drasilviacristina.com.br\/?s={search_term_string}"},"query-input":{"@type":"PropertyValueSpecification","valueRequired":true,"valueName":"search_term_string"}}],"inLanguage":"pt-BR"},{"@type":"Person","@id":"http:\/\/drasilviacristina.com.br\/#\/schema\/person\/f3090181c68e99d5ce632fc48f35b736","name":"suportevetta","image":{"@type":"ImageObject","inLanguage":"pt-BR","@id":"http:\/\/drasilviacristina.com.br\/#\/schema\/person\/image\/","url":"https:\/\/secure.gravatar.com\/avatar\/835e29c7781c12f52a3b2bcad870d1d076c35cfd07194b9f87d4aecba9b93f30?s=96&d=mm&r=g","contentUrl":"https:\/\/secure.gravatar.com\/avatar\/835e29c7781c12f52a3b2bcad870d1d076c35cfd07194b9f87d4aecba9b93f30?s=96&d=mm&r=g","caption":"suportevetta"},"url":"http:\/\/drasilviacristina.com.br\/index.php\/author\/suportevetta\/"}]}},"_links":{"self":[{"href":"http:\/\/drasilviacristina.com.br\/index.php\/wp-json\/wp\/v2\/posts\/10599","targetHints":{"allow":["GET"]}}],"collection":[{"href":"http:\/\/drasilviacristina.com.br\/index.php\/wp-json\/wp\/v2\/posts"}],"about":[{"href":"http:\/\/drasilviacristina.com.br\/index.php\/wp-json\/wp\/v2\/types\/post"}],"author":[{"embeddable":true,"href":"http:\/\/drasilviacristina.com.br\/index.php\/wp-json\/wp\/v2\/users\/1"}],"replies":[{"embeddable":true,"href":"http:\/\/drasilviacristina.com.br\/index.php\/wp-json\/wp\/v2\/comments?post=10599"}],"version-history":[{"count":1,"href":"http:\/\/drasilviacristina.com.br\/index.php\/wp-json\/wp\/v2\/posts\/10599\/revisions"}],"predecessor-version":[{"id":10600,"href":"http:\/\/drasilviacristina.com.br\/index.php\/wp-json\/wp\/v2\/posts\/10599\/revisions\/10600"}],"wp:featuredmedia":[{"embeddable":true,"href":"http:\/\/drasilviacristina.com.br\/index.php\/wp-json\/wp\/v2\/media\/10588"}],"wp:attachment":[{"href":"http:\/\/drasilviacristina.com.br\/index.php\/wp-json\/wp\/v2\/media?parent=10599"}],"wp:term":[{"taxonomy":"category","embeddable":true,"href":"http:\/\/drasilviacristina.com.br\/index.php\/wp-json\/wp\/v2\/categories?post=10599"},{"taxonomy":"post_tag","embeddable":true,"href":"http:\/\/drasilviacristina.com.br\/index.php\/wp-json\/wp\/v2\/tags?post=10599"}],"curies":[{"name":"wp","href":"https:\/\/api.w.org\/{rel}","templated":true}]}}